{"id":29195,"date":"2020-10-10T00:00:00","date_gmt":"2020-10-10T00:00:00","guid":{"rendered":"https:\/\/jaime-suarez.com\/news\/dos-heridos-graves-colision-frontal-la-autopista-palmetto\/"},"modified":"2020-10-10T00:00:00","modified_gmt":"2020-10-10T00:00:00","slug":"dos-heridos-graves-colision-frontal-la-autopista-palmetto","status":"publish","type":"news","link":"https:\/\/www.jaime-suarez.com\/es\/news\/dos-heridos-graves-colision-frontal-la-autopista-palmetto\/","title":{"rendered":"Dos Heridos Graves en Colisi\u00f3n Frontal En La Autopista Palmetto"},"content":{"rendered":"<p style=\"text-align: justify;\">Un portavoz de la Patrulla de Carreteras de Florida dice que un accidente automovil\u00edstico dej\u00f3 a dos personas gravemente heridas despu\u00e9s de que un autom\u00f3vil choc\u00f3 contra su veh\u00edculo mientras se dirig\u00edan hacia el norte por la autopista Palmetto Expressway. El accidente ocurri\u00f3 cuando un conductor perdi\u00f3 el control de su autom\u00f3vil y choc\u00f3 contra otro veh\u00edculo. El segundo veh\u00edculo cruz\u00f3 una mediana y se estrell\u00f3 contra el veh\u00edculo en el que iban las dos personas. Los agentes dijeron que el choque dej\u00f3 a una de las personas con una lesi\u00f3n grave en la cabeza. Los primeros socorristas prestaron primeros auxilios a las dos personas antes de transportarlas a un hospital cercano. Se dice que el conductor que caus\u00f3 el accidente sufri\u00f3 heridas leves que fueron tratadas en el lugar del accidente. No se han dado m\u00e1s detalles ya que las autoridades a\u00fan est\u00e1n investigando la causa del accidente. El accidente sigue bajo investigaci\u00f3n.<\/p>\n<p><strong>\u00a1Hable Hoy Con Un Abogado de Lesiones Personales!<\/strong><\/p>\n<p style=\"text-align: justify;\">\nEstar en un accidente automovil\u00edstico es una situaci\u00f3n horrible en la que encontrarse. Aunque es probable que los entresijos de la ley de lesiones personales no sean lo primero que le venga a la mente despu\u00e9s de estar en una situaci\u00f3n tan tr\u00e1gica, los pasos que tome despu\u00e9s de un accidente son cruciales y afectar\u00e1 su capacidad para recuperarse del accidente tanto f\u00edsica como econ\u00f3micamente. Es bastante raro que una compa\u00f1\u00eda de seguros de autom\u00f3viles simplemente eval\u00fae sus da\u00f1os y le emita un cheque. Por lo general, esto solo ocurrir\u00e1 cuando la responsabilidad sea clara, los da\u00f1os sean sustanciales y la p\u00f3liza de seguro del demandado sea\u00a0 peque\u00f1a y usted tenga una cobertura m\u00ednima. Como tal, una de las decisiones m\u00e1s importantes que tendr\u00e1 que tomar al principio del proceso de reclamo por lesiones personales es qui\u00e9n debe representarlo y ser su defensor legal. Es importante contratar a un abogado con los antecedentes, la experiencia y los recursos financieros para procesar de manera competente y exitosa su caso de lesiones personales y enfrentarse cara a cara con los abogados defensores de seguros. La ley de lesiones personales y las reglas de procedimiento civil cambian constantemente y pueden ser dif\u00edciles de entender para la mayor\u00eda. Un abogado de lesiones personales que dedique su tiempo a casos de lesiones personales puede ser de gran ayuda. Si usted o un ser querido ha resultado lesionado en un accidente automovil\u00edstico, la perspectiva de tener que lidiar con las compa\u00f1\u00edas de seguros y los ajustadores puede resultar un poco intimidante. Con la ayuda de un abogado experimentado en lesiones personales, ya no tendr\u00e1 que preocuparse. Un abogado de lesiones personales puede ayudarlo a determinar cu\u00e1nto vale su reclamo, obtener los registros m\u00e9dicos e informes de accidentes correctos, preparar una carta de demanda efectiva para enviar a la compa\u00f1\u00eda de seguros, negociar la liquidaci\u00f3n de su reclamo y se mantendr\u00e1 al tanto de sus asuntos personales. caso de lesiones para que usted no tenga que hacerlo. Si bien no todas las reclamaciones o casos de lesiones personales requieren que uno contrate a un abogado, no est\u00e1 de m\u00e1s obtener una consulta gratuita y obtener informaci\u00f3n importante sobre su reclamaci\u00f3n o posible demanda. Un abogado puede brindar un asesoramiento s\u00f3lido sobre c\u00f3mo tratar con nuestra propia compa\u00f1\u00eda de seguros y la compa\u00f1\u00eda de seguros del otro conductor. \u00a1En Suarez &amp; Montero ofrecemos consultas gratuitas! Nuestro equipo est\u00e1 enfocado en ayudarlo a recuperarse. Si usted o un ser querido sufri\u00f3 una lesi\u00f3n grave<br \/>\ny necesita una compensaci\u00f3n para obtener el tratamiento m\u00e9dico adecuado, es posible que podamos ayudarlo a presentar una demanda por lesiones personales contra la parte responsable. Los abogados de Suarez &amp; Montero pueden reunirse con usted para discutir m\u00e1s.<\/p>\n<p style=\"text-align: justify;\">\n<strong>Ayudamos a 4lients en todo el sur de Florida, incluidos aquellos en las siguientes \u00e1reas:<\/strong><\/p>\n<p style=\"text-align: justify;\">\n<strong>Miami-Dade:<\/strong> Aventura, Coral Gables, Doral, Fontainebleau, Hialeah, Homestead, Kendall, Miami, Miami Beach, Miami Lakes, North Miami, Tamiami y Westchester.<\/p>\n<p style=\"text-align: justify;\">\n<strong>Broward:<\/strong> Fort Lauderdale, Hallandale Beach, Hollywood, Pembroke Pines y Weston; y el condado de Palm Beach, incluidos Boca Raton, Lake Worth y West Palm Beach.<\/p>\n","protected":false},"excerpt":{"rendered":"<p>Un portavoz de la Patrulla de Carreteras de Florida dice que un accidente automovil\u00edstico dej\u00f3 a dos personas gravemente heridas despu\u00e9s de que un autom\u00f3vil choc\u00f3 contra su veh\u00edculo mientras se dirig\u00edan hacia el norte por la autopista Palmetto Expressway. El accidente ocurri\u00f3 cuando un conductor perdi\u00f3 el control de su autom\u00f3vil y choc\u00f3 contra [&hellip;]<\/p>\n","protected":false},"author":2,"featured_media":29196,"comment_status":"open","ping_status":"open","template":"","tags":[],"news-category":[],"class_list":["post-29195","news","type-news","status-publish","has-post-thumbnail","hentry"],"yoast_head":"<!-- This site is optimized with the Yoast SEO plugin v27.1.1 - https:\/\/yoast.com\/product\/yoast-seo-wordpress\/ -->\n<title>Dos Heridos Graves en Colisi\u00f3n Frontal En La Autopista Palmetto - Jaime Suarez<\/title>\n<meta name=\"robots\" content=\"index, follow, max-snippet:-1, max-image-preview:large, max-video-preview:-1\" \/>\n<link rel=\"canonical\" href=\"https:\/\/www.jaime-suarez.com\/es\/news\/dos-heridos-graves-colision-frontal-la-autopista-palmetto\/\" \/>\n<meta property=\"og:locale\" content=\"es_ES\" \/>\n<meta property=\"og:type\" content=\"article\" \/>\n<meta property=\"og:title\" content=\"Dos Heridos Graves en Colisi\u00f3n Frontal En La Autopista Palmetto - Jaime Suarez\" \/>\n<meta property=\"og:description\" content=\"Un portavoz de la Patrulla de Carreteras de Florida dice que un accidente automovil\u00edstico dej\u00f3 a dos personas gravemente heridas despu\u00e9s de que un autom\u00f3vil choc\u00f3 contra su veh\u00edculo mientras se dirig\u00edan hacia el norte por la autopista Palmetto Expressway. El accidente ocurri\u00f3 cuando un conductor perdi\u00f3 el control de su autom\u00f3vil y choc\u00f3 contra [&hellip;]\" \/>\n<meta property=\"og:url\" content=\"https:\/\/www.jaime-suarez.com\/es\/news\/dos-heridos-graves-colision-frontal-la-autopista-palmetto\/\" \/>\n<meta property=\"og:site_name\" content=\"Jaime Suarez\" \/>\n<meta property=\"og:image\" content=\"https:\/\/www.jaime-suarez.com\/wp-content\/uploads\/2025\/12\/placeholder_replace-72.png\" \/>\n\t<meta property=\"og:image:width\" content=\"1000\" \/>\n\t<meta property=\"og:image:height\" content=\"500\" \/>\n\t<meta property=\"og:image:type\" content=\"image\/png\" \/>\n<meta name=\"twitter:card\" content=\"summary_large_image\" \/>\n<meta name=\"twitter:label1\" content=\"Tiempo de lectura\" \/>\n\t<meta name=\"twitter:data1\" content=\"4 minutos\" \/>\n<!-- \/ Yoast SEO plugin. -->","yoast_head_json":{"title":"Dos Heridos Graves en Colisi\u00f3n Frontal En La Autopista Palmetto - Jaime Suarez","robots":{"index":"index","follow":"follow","max-snippet":"max-snippet:-1","max-image-preview":"max-image-preview:large","max-video-preview":"max-video-preview:-1"},"canonical":"https:\/\/www.jaime-suarez.com\/es\/news\/dos-heridos-graves-colision-frontal-la-autopista-palmetto\/","og_locale":"es_ES","og_type":"article","og_title":"Dos Heridos Graves en Colisi\u00f3n Frontal En La Autopista Palmetto - Jaime Suarez","og_description":"Un portavoz de la Patrulla de Carreteras de Florida dice que un accidente automovil\u00edstico dej\u00f3 a dos personas gravemente heridas despu\u00e9s de que un autom\u00f3vil choc\u00f3 contra su veh\u00edculo mientras se dirig\u00edan hacia el norte por la autopista Palmetto Expressway. El accidente ocurri\u00f3 cuando un conductor perdi\u00f3 el control de su autom\u00f3vil y choc\u00f3 contra [&hellip;]","og_url":"https:\/\/www.jaime-suarez.com\/es\/news\/dos-heridos-graves-colision-frontal-la-autopista-palmetto\/","og_site_name":"Jaime Suarez","og_image":[{"width":1000,"height":500,"url":"https:\/\/www.jaime-suarez.com\/wp-content\/uploads\/2025\/12\/placeholder_replace-72.png","type":"image\/png"}],"twitter_card":"summary_large_image","twitter_misc":{"Tiempo de lectura":"4 minutos"},"schema":{"@context":"https:\/\/schema.org","@graph":[{"@type":"WebPage","@id":"https:\/\/www.jaime-suarez.com\/es\/news\/dos-heridos-graves-colision-frontal-la-autopista-palmetto\/","url":"https:\/\/www.jaime-suarez.com\/es\/news\/dos-heridos-graves-colision-frontal-la-autopista-palmetto\/","name":"Dos Heridos Graves en Colisi\u00f3n Frontal En La Autopista Palmetto - Jaime Suarez","isPartOf":{"@id":"https:\/\/www.jaime-suarez.com\/es\/#website"},"primaryImageOfPage":{"@id":"https:\/\/www.jaime-suarez.com\/es\/news\/dos-heridos-graves-colision-frontal-la-autopista-palmetto\/#primaryimage"},"image":{"@id":"https:\/\/www.jaime-suarez.com\/es\/news\/dos-heridos-graves-colision-frontal-la-autopista-palmetto\/#primaryimage"},"thumbnailUrl":"https:\/\/www.jaime-suarez.com\/wp-content\/uploads\/2025\/12\/placeholder_replace-72.png","datePublished":"2020-10-10T00:00:00+00:00","breadcrumb":{"@id":"https:\/\/www.jaime-suarez.com\/es\/news\/dos-heridos-graves-colision-frontal-la-autopista-palmetto\/#breadcrumb"},"inLanguage":"es","potentialAction":[{"@type":"ReadAction","target":["https:\/\/www.jaime-suarez.com\/es\/news\/dos-heridos-graves-colision-frontal-la-autopista-palmetto\/"]}]},{"@type":"ImageObject","inLanguage":"es","@id":"https:\/\/www.jaime-suarez.com\/es\/news\/dos-heridos-graves-colision-frontal-la-autopista-palmetto\/#primaryimage","url":"https:\/\/www.jaime-suarez.com\/wp-content\/uploads\/2025\/12\/placeholder_replace-72.png","contentUrl":"https:\/\/www.jaime-suarez.com\/wp-content\/uploads\/2025\/12\/placeholder_replace-72.png","width":1000,"height":500},{"@type":"BreadcrumbList","@id":"https:\/\/www.jaime-suarez.com\/es\/news\/dos-heridos-graves-colision-frontal-la-autopista-palmetto\/#breadcrumb","itemListElement":[{"@type":"ListItem","position":1,"name":"Home","item":"https:\/\/www.jaime-suarez.com\/es\/"},{"@type":"ListItem","position":2,"name":"News","item":"https:\/\/www.jaime-suarez.com\/es\/news\/"},{"@type":"ListItem","position":3,"name":"Dos Heridos Graves en Colisi\u00f3n Frontal En La Autopista Palmetto"}]},{"@type":"WebSite","@id":"https:\/\/www.jaime-suarez.com\/es\/#website","url":"https:\/\/www.jaime-suarez.com\/es\/","name":"Jaime Suarez","description":"Miami Injury Accident Attorney","publisher":{"@id":"https:\/\/www.jaime-suarez.com\/es\/#organization"},"potentialAction":[{"@type":"SearchAction","target":{"@type":"EntryPoint","urlTemplate":"https:\/\/www.jaime-suarez.com\/es\/?s={search_term_string}"},"query-input":{"@type":"PropertyValueSpecification","valueRequired":true,"valueName":"search_term_string"}}],"inLanguage":"es"},{"@type":"Organization","@id":"https:\/\/www.jaime-suarez.com\/es\/#organization","name":"Jaime Suarez","url":"https:\/\/www.jaime-suarez.com\/es\/","logo":{"@type":"ImageObject","inLanguage":"es","@id":"https:\/\/www.jaime-suarez.com\/es\/#\/schema\/logo\/image\/","url":"https:\/\/www.jaime-suarez.com\/wp-content\/uploads\/2025\/11\/jaime-suarez-logo.webp","contentUrl":"https:\/\/www.jaime-suarez.com\/wp-content\/uploads\/2025\/11\/jaime-suarez-logo.webp","width":900,"height":263,"caption":"Jaime Suarez"},"image":{"@id":"https:\/\/www.jaime-suarez.com\/es\/#\/schema\/logo\/image\/"}}]}},"_links":{"self":[{"href":"https:\/\/www.jaime-suarez.com\/es\/wp-json\/wp\/v2\/news\/29195","targetHints":{"allow":["GET"]}}],"collection":[{"href":"https:\/\/www.jaime-suarez.com\/es\/wp-json\/wp\/v2\/news"}],"about":[{"href":"https:\/\/www.jaime-suarez.com\/es\/wp-json\/wp\/v2\/types\/news"}],"author":[{"embeddable":true,"href":"https:\/\/www.jaime-suarez.com\/es\/wp-json\/wp\/v2\/users\/2"}],"replies":[{"embeddable":true,"href":"https:\/\/www.jaime-suarez.com\/es\/wp-json\/wp\/v2\/comments?post=29195"}],"version-history":[{"count":0,"href":"https:\/\/www.jaime-suarez.com\/es\/wp-json\/wp\/v2\/news\/29195\/revisions"}],"wp:featuredmedia":[{"embeddable":true,"href":"https:\/\/www.jaime-suarez.com\/es\/wp-json\/wp\/v2\/media\/29196"}],"wp:attachment":[{"href":"https:\/\/www.jaime-suarez.com\/es\/wp-json\/wp\/v2\/media?parent=29195"}],"wp:term":[{"taxonomy":"post_tag","embeddable":true,"href":"https:\/\/www.jaime-suarez.com\/es\/wp-json\/wp\/v2\/tags?post=29195"},{"taxonomy":"news-category","embeddable":true,"href":"https:\/\/www.jaime-suarez.com\/es\/wp-json\/wp\/v2\/news-category?post=29195"}],"curies":[{"name":"wp","href":"https:\/\/api.w.org\/{rel}","templated":true}]}}