{"id":29225,"date":"2020-11-29T00:00:00","date_gmt":"2020-11-29T00:00:00","guid":{"rendered":"https:\/\/jaime-suarez.com\/news\/hombre-acusado-matar-al-capitan-la-policia-cooper-city-accidente-cooper-city-crash-se-rinde-las-autoridades\/"},"modified":"2020-11-29T00:00:00","modified_gmt":"2020-11-29T00:00:00","slug":"hombre-acusado-matar-al-capitan-la-policia-cooper-city-accidente-cooper-city-crash-se-rinde-las-autoridades","status":"publish","type":"news","link":"https:\/\/www.jaime-suarez.com\/es\/news\/hombre-acusado-matar-al-capitan-la-policia-cooper-city-accidente-cooper-city-crash-se-rinde-las-autoridades\/","title":{"rendered":"Hombre Acusado de Matar Al Capit\u00e1n de La Polic\u00eda de Cooper City en Accidente en Cooper City Crash Se Rinde a Las Autoridades"},"content":{"rendered":"<p style=\"text-align: justify;\"><span style=\"font-weight: 400;\">Seg\u00fan un portavoz del Departamento de Polic\u00eda de Broward, un hombre acusado de matar a un capit\u00e1n de la polic\u00eda de Miami-Dade en un accidente automovil\u00edstico en Cooper City se entreg\u00f3 a las autoridades el jueves 29 de octubre. 2020. Los agentes de la Oficina del Sheriff de Broward dijeron que el hombre de 32 a\u00f1os fue arrestado el jueves por su papel en un accidente del 20\u00a0<\/span><span style=\"font-weight: 400;\">de septiembre que mat\u00f3 a Tyrone White, quien tambi\u00e9n es el padre del corredor de los New England Patriots, James White. Los investigadores dijeron que Chamblin viajaba hacia el este por Griffin Road y estaba acelerando cuando golpe\u00f3 el auto de White, matando al capit\u00e1n de la polic\u00eda en la escena. Se enfrenta a varios cargos que incluyen homicidio vehicular, exceso de velocidad y conducci\u00f3n imprudente. No se han publicado m\u00e1s detalles.\u00a0<\/span><\/p>\n<p style=\"text-align: justify;\"><strong>Demostrar la Culpa en Los Accidentes de Tr\u00e1fico\u00a0<\/strong><\/p>\n<p style=\"text-align: justify;\"><span style=\"font-weight: 400;\">Un agravio es una lesi\u00f3n injusta a una persona o su propiedad. Por ejemplo, cuando lastima a una persona o da\u00f1a la propiedad de una persona, estos se consideran agravios. La persona que inflige da\u00f1o se denomina autor del da\u00f1o. En otras palabras, un delito civil en lugar de un delito penal, que no sea un incumplimiento de contrato, es un agravio. El deber es el primer elemento necesario para probar la negligencia. El deber es una obligaci\u00f3n para una persona de cumplir con un cierto est\u00e1ndar de atenci\u00f3n. Normalmente, el est\u00e1ndar de atenci\u00f3n es un est\u00e1ndar personal razonable. El cuidado razonable es la cantidad m\u00ednima de cuidado que se debe a los dem\u00e1s. Se debe un deber de cuidado razonable cuando es previsible una lesi\u00f3n a una persona. La previsibilidad se refiere a si se podr\u00eda haber anticipado una lesi\u00f3n a un demandante. Cuando la conducta de una persona crea un riesgo previsible de da\u00f1o a otra, surge el deber de un cuidado razonable. Si el causante del da\u00f1o no ejerce un cuidado razonable, entonces el causante del da\u00f1o puede ser responsable por negligencia. El incumplimiento del deber es el segundo elemento de la negligencia. Para ser declarado negligente, el acusado tambi\u00e9n debe haber incumplido el deber que le deb\u00eda al demandante. La playa o el deber del deber es el incumplimiento de un cierto est\u00e1ndar de cuidado. El est\u00e1ndar de atenci\u00f3n que se aplica suele ser razonable. Lo que se considera cuidado razonable depende de las circunstancias. Al aplicar el est\u00e1ndar de persona razonable, pregunte si una persona razonable en circunstancias similares y con habilidades similares a las del acusado habr\u00eda actuado de la misma manera que un acusado. El tercer elemento de negligencia es la causalidad. Las acciones de los demandados deben ser la causa de la lesi\u00f3n del demandante para que el acusado sea declarado negligente. Hay dos componentes de causalidad en la acci\u00f3n del acusado. Esencialmente, la acci\u00f3n del acusado debe ser tanto la causa real como inmediata de las lesiones del demandante. El sistema de derecho de responsabilidad civil obliga al autor del da\u00f1o a compensar a la parte perjudicada por sus p\u00e9rdidas. Este factor de responsabilidad es crucial para nuestro sentido legal de justicia y equidad. Las personas deben ser responsables de sus acciones, especialmente cuando lastiman a otros. Una forma de reparaci\u00f3n es crucial y debe estar disponible para todas las v\u00edctimas lesionadas por descuido, imprudencia o lesiones intencionales. En conclusi\u00f3n, la ley de agravios permite que los particulares utilicen el sistema legal para resolver disputas en las que una de las partes alega que la otra ha actuado de manera inapropiada y ha causado da\u00f1os.\u00a0<\/span><\/p>\n<p style=\"text-align: justify;\"><strong>Llame Hoy Mismo a Nuestros Abogados de Accidentes Automovil\u00edsticos en Miami <\/strong><span style=\"font-weight: 400;\">En Suarez &amp; Montero, nuestros clientes saben que pueden confiar en nuestro equipo de abogados altamente experimentados y bien informados en accidentes automovil\u00edsticos para brindar el tipo de representaci\u00f3n legal agresiva que se necesita para enfrentar a las compa\u00f1\u00edas de seguros. Si ha estado en alg\u00fan tipo de accidente vehicular, \u00a1deja que nuestros abogados de accidentes de veh\u00edculos motorizados revisen su reclamo! Nuestros abogados expertos en accidentes automovil\u00edsticos en Miami trabajar\u00e1n las 24 horas del d\u00eda para responsabilizar a las\u00a0<\/span><span style=\"font-weight: 400;\">partes apropiadas por sus lesiones. Lucharemos para asegurarnos de que obtenga la cantidad m\u00e1xima de compensaci\u00f3n que se le debe. Perm\u00edtanos revisar su caso y discutir sus opciones legales. Nuestros abogados est\u00e1n listos para brindar representaci\u00f3n legal probada en la b\u00fasqueda de su reclamo y est\u00e1n listos para proteger sus derechos. Estamos disponibles las 24 horas del d\u00eda, los 7 d\u00edas de la semana para brindarle una consulta gratuita y sin riesgos.\u00a0<\/span><\/p>\n<p style=\"text-align: justify;\"><span style=\"font-weight: 400;\">Servimos a clientes en toda Florida, incluidos aquellos en las siguientes \u00e1reas:\u00a0<\/span><\/p>\n<p style=\"text-align: justify;\"><strong>Miami-Dade:<\/strong> <span style=\"font-weight: 400;\">Aventura, Coral Gables, Doral, Fontainebleau, Hialeah, Homestead, Kendall, Miami, Miami Beach, Miami Lakes, North Miami, Tamiami y Westchester.\u00a0<\/span><\/p>\n<p style=\"text-align: justify;\"><strong>Broward:<\/strong> <span style=\"font-weight: 400;\">Fort Lauderdale, Hallandale Beach, Hollywood, Pembroke Pines y Weston; y el condado de Palm Beach, incluyendo Boca Raton, Lake Worth y West Palm Beach.\u00a0<\/span><\/p>\n<p style=\"text-align: justify;\"><strong>Estos son algunos de los tipos de casos de accidentes que manejamos:\u00a0<\/strong><\/p>\n<ul>\n<li style=\"text-align: justify;\"><span style=\"font-weight: 400;\">Conducir distra\u00eddo Accidente\u00a0<\/span><\/li>\n<li style=\"text-align: justify;\"><span style=\"font-weight: 400;\">Accidentes de Furia en la carretera\u00a0<\/span><\/li>\n<li style=\"text-align: justify;\"><span style=\"font-weight: 400;\">Accidentes de vuelco\u00a0<\/span><\/li>\n<li style=\"text-align: justify;\"><span style=\"font-weight: 400;\">Accidentes de giro a la izquierda\u00a0<\/span><\/li>\n<li style=\"text-align: justify;\"><span style=\"font-weight: 400;\">Accidentes en Zonas de construcci\u00f3n\u00a0<\/span><\/li>\n<li style=\"text-align: justify;\"><span style=\"font-weight: 400;\">Accidentes de cami\u00f3n\u00a0<\/span><\/li>\n<li style=\"text-align: justify;\"><span style=\"font-weight: 400;\">Accidentes de bicicleta\u00a0<\/span><\/li>\n<li style=\"text-align: justify;\"><span style=\"font-weight: 400;\">Accidentes con peatones\u00a0<\/span><\/li>\n<li style=\"text-align: justify;\"><span style=\"font-weight: 400;\">Accidentes de conducci\u00f3n ebrio\u00a0<\/span><\/li>\n<li style=\"text-align: justify;\"><span style=\"font-weight: 400;\">Accidentes de Colisiones Frontales\u00a0<\/span><\/li>\n<li style=\"text-align: justify;\"><span style=\"font-weight: 400;\">Accidentes de deslizamiento lateral\u00a0<\/span><\/li>\n<li style=\"text-align: justify;\"><span style=\"font-weight: 400;\">Accidentes de cambio de carril\u00a0<\/span><\/li>\n<li style=\"text-align: justify;\"><span style=\"font-weight: 400;\">Accidentes de Uber\u00a0<\/span><\/li>\n<li style=\"text-align: justify;\"><span style=\"font-weight: 400;\">Accidentes de semirremolques\u00a0<\/span><\/li>\n<li style=\"text-align: justify;\"><span style=\"font-weight: 400;\">Accidentes Con Trenes\u00a0<\/span><\/li>\n<li style=\"text-align: justify;\"><span style=\"font-weight: 400;\">Accidentes de navegaci\u00f3n<\/span><\/li>\n<\/ul>\n","protected":false},"excerpt":{"rendered":"<p>Seg\u00fan un portavoz del Departamento de Polic\u00eda de Broward, un hombre acusado de matar a un capit\u00e1n de la polic\u00eda de Miami-Dade en un accidente automovil\u00edstico en Cooper City se entreg\u00f3 a las autoridades el jueves 29 de octubre. 2020. Los agentes de la Oficina del Sheriff de Broward dijeron que el hombre de 32 [&hellip;]<\/p>\n","protected":false},"author":2,"featured_media":27145,"comment_status":"open","ping_status":"open","template":"","tags":[],"news-category":[],"class_list":["post-29225","news","type-news","status-publish","has-post-thumbnail","hentry"],"yoast_head":"<!-- This site is optimized with the Yoast SEO plugin v27.1.1 - https:\/\/yoast.com\/product\/yoast-seo-wordpress\/ -->\n<title>Hombre Acusado de Matar Al Capit\u00e1n de La Polic\u00eda de Cooper City en Accidente en Cooper City Crash Se Rinde a Las Autoridades - Jaime Suarez<\/title>\n<meta name=\"robots\" content=\"index, follow, max-snippet:-1, max-image-preview:large, max-video-preview:-1\" \/>\n<link rel=\"canonical\" href=\"https:\/\/www.jaime-suarez.com\/es\/news\/hombre-acusado-matar-al-capitan-la-policia-cooper-city-accidente-cooper-city-crash-se-rinde-las-autoridades\/\" \/>\n<meta property=\"og:locale\" content=\"es_ES\" \/>\n<meta property=\"og:type\" content=\"article\" \/>\n<meta property=\"og:title\" content=\"Hombre Acusado de Matar Al Capit\u00e1n de La Polic\u00eda de Cooper City en Accidente en Cooper City Crash Se Rinde a Las Autoridades - Jaime Suarez\" \/>\n<meta property=\"og:description\" content=\"Seg\u00fan un portavoz del Departamento de Polic\u00eda de Broward, un hombre acusado de matar a un capit\u00e1n de la polic\u00eda de Miami-Dade en un accidente automovil\u00edstico en Cooper City se entreg\u00f3 a las autoridades el jueves 29 de octubre. 2020. Los agentes de la Oficina del Sheriff de Broward dijeron que el hombre de 32 [&hellip;]\" \/>\n<meta property=\"og:url\" content=\"https:\/\/www.jaime-suarez.com\/es\/news\/hombre-acusado-matar-al-capitan-la-policia-cooper-city-accidente-cooper-city-crash-se-rinde-las-autoridades\/\" \/>\n<meta property=\"og:site_name\" content=\"Jaime Suarez\" \/>\n<meta property=\"og:image\" content=\"https:\/\/www.jaime-suarez.com\/wp-content\/uploads\/2025\/12\/Police.png\" \/>\n\t<meta property=\"og:image:width\" content=\"1000\" \/>\n\t<meta property=\"og:image:height\" content=\"500\" \/>\n\t<meta property=\"og:image:type\" content=\"image\/png\" \/>\n<meta name=\"twitter:card\" content=\"summary_large_image\" \/>\n<meta name=\"twitter:label1\" content=\"Tiempo de lectura\" \/>\n\t<meta name=\"twitter:data1\" content=\"4 minutos\" \/>\n<!-- \/ Yoast SEO plugin. -->","yoast_head_json":{"title":"Hombre Acusado de Matar Al Capit\u00e1n de La Polic\u00eda de Cooper City en Accidente en Cooper City Crash Se Rinde a Las Autoridades - Jaime Suarez","robots":{"index":"index","follow":"follow","max-snippet":"max-snippet:-1","max-image-preview":"max-image-preview:large","max-video-preview":"max-video-preview:-1"},"canonical":"https:\/\/www.jaime-suarez.com\/es\/news\/hombre-acusado-matar-al-capitan-la-policia-cooper-city-accidente-cooper-city-crash-se-rinde-las-autoridades\/","og_locale":"es_ES","og_type":"article","og_title":"Hombre Acusado de Matar Al Capit\u00e1n de La Polic\u00eda de Cooper City en Accidente en Cooper City Crash Se Rinde a Las Autoridades - Jaime Suarez","og_description":"Seg\u00fan un portavoz del Departamento de Polic\u00eda de Broward, un hombre acusado de matar a un capit\u00e1n de la polic\u00eda de Miami-Dade en un accidente automovil\u00edstico en Cooper City se entreg\u00f3 a las autoridades el jueves 29 de octubre. 2020. Los agentes de la Oficina del Sheriff de Broward dijeron que el hombre de 32 [&hellip;]","og_url":"https:\/\/www.jaime-suarez.com\/es\/news\/hombre-acusado-matar-al-capitan-la-policia-cooper-city-accidente-cooper-city-crash-se-rinde-las-autoridades\/","og_site_name":"Jaime Suarez","og_image":[{"width":1000,"height":500,"url":"https:\/\/www.jaime-suarez.com\/wp-content\/uploads\/2025\/12\/Police.png","type":"image\/png"}],"twitter_card":"summary_large_image","twitter_misc":{"Tiempo de lectura":"4 minutos"},"schema":{"@context":"https:\/\/schema.org","@graph":[{"@type":"WebPage","@id":"https:\/\/www.jaime-suarez.com\/es\/news\/hombre-acusado-matar-al-capitan-la-policia-cooper-city-accidente-cooper-city-crash-se-rinde-las-autoridades\/","url":"https:\/\/www.jaime-suarez.com\/es\/news\/hombre-acusado-matar-al-capitan-la-policia-cooper-city-accidente-cooper-city-crash-se-rinde-las-autoridades\/","name":"Hombre Acusado de Matar Al Capit\u00e1n de La Polic\u00eda de Cooper City en Accidente en Cooper City Crash Se Rinde a Las Autoridades - Jaime Suarez","isPartOf":{"@id":"https:\/\/www.jaime-suarez.com\/es\/#website"},"primaryImageOfPage":{"@id":"https:\/\/www.jaime-suarez.com\/es\/news\/hombre-acusado-matar-al-capitan-la-policia-cooper-city-accidente-cooper-city-crash-se-rinde-las-autoridades\/#primaryimage"},"image":{"@id":"https:\/\/www.jaime-suarez.com\/es\/news\/hombre-acusado-matar-al-capitan-la-policia-cooper-city-accidente-cooper-city-crash-se-rinde-las-autoridades\/#primaryimage"},"thumbnailUrl":"https:\/\/www.jaime-suarez.com\/wp-content\/uploads\/2025\/12\/Police.png","datePublished":"2020-11-29T00:00:00+00:00","breadcrumb":{"@id":"https:\/\/www.jaime-suarez.com\/es\/news\/hombre-acusado-matar-al-capitan-la-policia-cooper-city-accidente-cooper-city-crash-se-rinde-las-autoridades\/#breadcrumb"},"inLanguage":"es","potentialAction":[{"@type":"ReadAction","target":["https:\/\/www.jaime-suarez.com\/es\/news\/hombre-acusado-matar-al-capitan-la-policia-cooper-city-accidente-cooper-city-crash-se-rinde-las-autoridades\/"]}]},{"@type":"ImageObject","inLanguage":"es","@id":"https:\/\/www.jaime-suarez.com\/es\/news\/hombre-acusado-matar-al-capitan-la-policia-cooper-city-accidente-cooper-city-crash-se-rinde-las-autoridades\/#primaryimage","url":"https:\/\/www.jaime-suarez.com\/wp-content\/uploads\/2025\/12\/Police.png","contentUrl":"https:\/\/www.jaime-suarez.com\/wp-content\/uploads\/2025\/12\/Police.png","width":1000,"height":500},{"@type":"BreadcrumbList","@id":"https:\/\/www.jaime-suarez.com\/es\/news\/hombre-acusado-matar-al-capitan-la-policia-cooper-city-accidente-cooper-city-crash-se-rinde-las-autoridades\/#breadcrumb","itemListElement":[{"@type":"ListItem","position":1,"name":"Home","item":"https:\/\/www.jaime-suarez.com\/es\/"},{"@type":"ListItem","position":2,"name":"News","item":"https:\/\/www.jaime-suarez.com\/es\/news\/"},{"@type":"ListItem","position":3,"name":"Hombre Acusado de Matar Al Capit\u00e1n de La Polic\u00eda de Cooper City en Accidente en Cooper City Crash Se Rinde a Las Autoridades"}]},{"@type":"WebSite","@id":"https:\/\/www.jaime-suarez.com\/es\/#website","url":"https:\/\/www.jaime-suarez.com\/es\/","name":"Jaime Suarez","description":"Miami Injury Accident Attorney","publisher":{"@id":"https:\/\/www.jaime-suarez.com\/es\/#organization"},"potentialAction":[{"@type":"SearchAction","target":{"@type":"EntryPoint","urlTemplate":"https:\/\/www.jaime-suarez.com\/es\/?s={search_term_string}"},"query-input":{"@type":"PropertyValueSpecification","valueRequired":true,"valueName":"search_term_string"}}],"inLanguage":"es"},{"@type":"Organization","@id":"https:\/\/www.jaime-suarez.com\/es\/#organization","name":"Jaime Suarez","url":"https:\/\/www.jaime-suarez.com\/es\/","logo":{"@type":"ImageObject","inLanguage":"es","@id":"https:\/\/www.jaime-suarez.com\/es\/#\/schema\/logo\/image\/","url":"https:\/\/www.jaime-suarez.com\/wp-content\/uploads\/2025\/11\/jaime-suarez-logo.webp","contentUrl":"https:\/\/www.jaime-suarez.com\/wp-content\/uploads\/2025\/11\/jaime-suarez-logo.webp","width":900,"height":263,"caption":"Jaime Suarez"},"image":{"@id":"https:\/\/www.jaime-suarez.com\/es\/#\/schema\/logo\/image\/"}}]}},"_links":{"self":[{"href":"https:\/\/www.jaime-suarez.com\/es\/wp-json\/wp\/v2\/news\/29225","targetHints":{"allow":["GET"]}}],"collection":[{"href":"https:\/\/www.jaime-suarez.com\/es\/wp-json\/wp\/v2\/news"}],"about":[{"href":"https:\/\/www.jaime-suarez.com\/es\/wp-json\/wp\/v2\/types\/news"}],"author":[{"embeddable":true,"href":"https:\/\/www.jaime-suarez.com\/es\/wp-json\/wp\/v2\/users\/2"}],"replies":[{"embeddable":true,"href":"https:\/\/www.jaime-suarez.com\/es\/wp-json\/wp\/v2\/comments?post=29225"}],"version-history":[{"count":0,"href":"https:\/\/www.jaime-suarez.com\/es\/wp-json\/wp\/v2\/news\/29225\/revisions"}],"wp:featuredmedia":[{"embeddable":true,"href":"https:\/\/www.jaime-suarez.com\/es\/wp-json\/wp\/v2\/media\/27145"}],"wp:attachment":[{"href":"https:\/\/www.jaime-suarez.com\/es\/wp-json\/wp\/v2\/media?parent=29225"}],"wp:term":[{"taxonomy":"post_tag","embeddable":true,"href":"https:\/\/www.jaime-suarez.com\/es\/wp-json\/wp\/v2\/tags?post=29225"},{"taxonomy":"news-category","embeddable":true,"href":"https:\/\/www.jaime-suarez.com\/es\/wp-json\/wp\/v2\/news-category?post=29225"}],"curies":[{"name":"wp","href":"https:\/\/api.w.org\/{rel}","templated":true}]}}