{"id":29377,"date":"2024-07-27T00:00:00","date_gmt":"2024-07-27T00:00:00","guid":{"rendered":"https:\/\/jaime-suarez.com\/news\/hombre-de-18-anos-arrestado-tras-accidente-fatal-en-miami-gardens\/"},"modified":"2024-07-27T00:00:00","modified_gmt":"2024-07-27T00:00:00","slug":"hombre-de-18-anos-arrestado-tras-accidente-fatal-en-miami-gardens","status":"publish","type":"news","link":"https:\/\/www.jaime-suarez.com\/es\/news\/hombre-de-18-anos-arrestado-tras-accidente-fatal-en-miami-gardens\/","title":{"rendered":"Hombre de 18 a\u00f1os arrestado tras accidente fatal en Miami Gardens"},"content":{"rendered":"<p>Source: <a href=\"https:\/\/www.local10.com\/news\/local\/2024\/07\/26\/man-18-arrested-following-fatal-crash-in-miami-gardens\/\">Local 10 News<\/a><\/p>\n<p>Un hombre de 18 a\u00f1os fue arrestado la madrugada del viernes, semanas despu\u00e9s de un accidente en Miami Gardens que dej\u00f3 a otro hombre muerto.<\/p>\n<p>Seg\u00fan una orden de arresto, Iveson Cheri conduc\u00eda ebrio alrededor de las 4 a.m. del 2 de julio cuando su veh\u00edculo choc\u00f3 contra la parte trasera de otro autom\u00f3vil que estaba detenido en un sem\u00e1foro en rojo en la intersecci\u00f3n de Northwest 183rd Street y 22nd Avenue.<\/p>\n<p>La polic\u00eda dijo que el Infiniti Q60 azul 2022 de Cheri viajaba a 95 mph cuando choc\u00f3 contra el Ford Focus naranja 2005 que conduc\u00eda Mekhi Tariq Hoosein Quiles, de 21 a\u00f1os, lo que impuls\u00f3 el autom\u00f3vil de la v\u00edctima 223 pies hacia una parada de autob\u00fas.<\/p>\n<p>El l\u00edmite de velocidad en el \u00e1rea es de 40 mph.<\/p>\n<p>Quiles fue declarado muerto en el lugar.<\/p>\n<p>Seg\u00fan la orden de arresto, Cheri fue transportado al Hospital HCA Florida Aventura con lesiones que no pusieron en peligro su vida.<\/p>\n<p>La polic\u00eda dijo que Cheri no fren\u00f3 antes del choque.<\/p>\n<p>Seg\u00fan la orden judicial, los agentes en el lugar vieron \u00absignos de posible deterioro\u00bb, incluido \u00abdificultad para hablar\u00bb, y notaron que \u00abestaba muy desorientado y confundido\u00bb.<\/p>\n<p>Una extracci\u00f3n de sangre mostr\u00f3 que su nivel de alcohol en sangre una hora despu\u00e9s del choque era de 0,205 por ciento, dijeron las autoridades.<\/p>\n<p>Cheri enfrenta cargos de homicidio involuntario por conducir bajo los efectos del alcohol y homicidio vehicular\/conducta imprudente.<\/p>\n<p>Hasta el viernes por la ma\u00f1ana, permanec\u00eda detenido en el Centro Correccional Turner Guilford Knight sin derecho a fianza.<\/p>\n<p><strong>\u00bfA QUI\u00c9N DEBO LLAMAR?<\/strong><\/p>\n<p>Durante m\u00e1s de dos d\u00e9cadas, los abogados de Suarez &amp; Montero han estado ayudando a las v\u00edctimas de accidentes y sus familias a cobrar una compensaci\u00f3n financiera justa y ver justicia por sus lesiones y p\u00e9rdidas.<\/p>\n<p>Llame a nuestro bufete de abogados hoy al <a href=\"tel:(305)631-1911\">(305) 631-1911<\/a> para hablar con uno de nuestros abogados de lesiones personales que podr\u00e1 informarle sobre su elegibilidad para recibir compensaci\u00f3n por sus lesiones y p\u00e9rdidas en las que pueda haber incurrido debido a un accidente reciente<\/p>\n","protected":false},"excerpt":{"rendered":"<p>Source: Local 10 News Un hombre de 18 a\u00f1os fue arrestado la madrugada del viernes, semanas despu\u00e9s de un accidente en Miami Gardens que dej\u00f3 a otro hombre muerto. Seg\u00fan una orden de arresto, Iveson Cheri conduc\u00eda ebrio alrededor de las 4 a.m. del 2 de julio cuando su veh\u00edculo choc\u00f3 contra la parte trasera [&hellip;]<\/p>\n","protected":false},"author":2,"featured_media":27611,"comment_status":"open","ping_status":"open","template":"","tags":[],"news-category":[],"class_list":["post-29377","news","type-news","status-publish","has-post-thumbnail","hentry"],"yoast_head":"<!-- This site is optimized with the Yoast SEO plugin v27.1.1 - https:\/\/yoast.com\/product\/yoast-seo-wordpress\/ -->\n<title>Hombre de 18 a\u00f1os arrestado tras accidente fatal en Miami Gardens - Jaime Suarez<\/title>\n<meta name=\"robots\" content=\"index, follow, max-snippet:-1, max-image-preview:large, max-video-preview:-1\" \/>\n<link rel=\"canonical\" href=\"https:\/\/www.jaime-suarez.com\/es\/news\/hombre-de-18-anos-arrestado-tras-accidente-fatal-en-miami-gardens\/\" \/>\n<meta property=\"og:locale\" content=\"es_ES\" \/>\n<meta property=\"og:type\" content=\"article\" \/>\n<meta property=\"og:title\" content=\"Hombre de 18 a\u00f1os arrestado tras accidente fatal en Miami Gardens - Jaime Suarez\" \/>\n<meta property=\"og:description\" content=\"Source: Local 10 News Un hombre de 18 a\u00f1os fue arrestado la madrugada del viernes, semanas despu\u00e9s de un accidente en Miami Gardens que dej\u00f3 a otro hombre muerto. Seg\u00fan una orden de arresto, Iveson Cheri conduc\u00eda ebrio alrededor de las 4 a.m. del 2 de julio cuando su veh\u00edculo choc\u00f3 contra la parte trasera [&hellip;]\" \/>\n<meta property=\"og:url\" content=\"https:\/\/www.jaime-suarez.com\/es\/news\/hombre-de-18-anos-arrestado-tras-accidente-fatal-en-miami-gardens\/\" \/>\n<meta property=\"og:site_name\" content=\"Jaime Suarez\" \/>\n<meta property=\"og:image\" content=\"https:\/\/www.jaime-suarez.com\/wp-content\/uploads\/2025\/12\/IMG-20240727-WA0002.jpg\" \/>\n\t<meta property=\"og:image:width\" content=\"320\" \/>\n\t<meta property=\"og:image:height\" content=\"180\" \/>\n\t<meta property=\"og:image:type\" content=\"image\/jpeg\" \/>\n<meta name=\"twitter:card\" content=\"summary_large_image\" \/>\n<meta name=\"twitter:label1\" content=\"Tiempo de lectura\" \/>\n\t<meta name=\"twitter:data1\" content=\"2 minutos\" \/>\n<!-- \/ Yoast SEO plugin. -->","yoast_head_json":{"title":"Hombre de 18 a\u00f1os arrestado tras accidente fatal en Miami Gardens - Jaime Suarez","robots":{"index":"index","follow":"follow","max-snippet":"max-snippet:-1","max-image-preview":"max-image-preview:large","max-video-preview":"max-video-preview:-1"},"canonical":"https:\/\/www.jaime-suarez.com\/es\/news\/hombre-de-18-anos-arrestado-tras-accidente-fatal-en-miami-gardens\/","og_locale":"es_ES","og_type":"article","og_title":"Hombre de 18 a\u00f1os arrestado tras accidente fatal en Miami Gardens - Jaime Suarez","og_description":"Source: Local 10 News Un hombre de 18 a\u00f1os fue arrestado la madrugada del viernes, semanas despu\u00e9s de un accidente en Miami Gardens que dej\u00f3 a otro hombre muerto. Seg\u00fan una orden de arresto, Iveson Cheri conduc\u00eda ebrio alrededor de las 4 a.m. del 2 de julio cuando su veh\u00edculo choc\u00f3 contra la parte trasera [&hellip;]","og_url":"https:\/\/www.jaime-suarez.com\/es\/news\/hombre-de-18-anos-arrestado-tras-accidente-fatal-en-miami-gardens\/","og_site_name":"Jaime Suarez","og_image":[{"width":320,"height":180,"url":"https:\/\/www.jaime-suarez.com\/wp-content\/uploads\/2025\/12\/IMG-20240727-WA0002.jpg","type":"image\/jpeg"}],"twitter_card":"summary_large_image","twitter_misc":{"Tiempo de lectura":"2 minutos"},"schema":{"@context":"https:\/\/schema.org","@graph":[{"@type":"WebPage","@id":"https:\/\/www.jaime-suarez.com\/es\/news\/hombre-de-18-anos-arrestado-tras-accidente-fatal-en-miami-gardens\/","url":"https:\/\/www.jaime-suarez.com\/es\/news\/hombre-de-18-anos-arrestado-tras-accidente-fatal-en-miami-gardens\/","name":"Hombre de 18 a\u00f1os arrestado tras accidente fatal en Miami Gardens - Jaime Suarez","isPartOf":{"@id":"https:\/\/www.jaime-suarez.com\/es\/#website"},"primaryImageOfPage":{"@id":"https:\/\/www.jaime-suarez.com\/es\/news\/hombre-de-18-anos-arrestado-tras-accidente-fatal-en-miami-gardens\/#primaryimage"},"image":{"@id":"https:\/\/www.jaime-suarez.com\/es\/news\/hombre-de-18-anos-arrestado-tras-accidente-fatal-en-miami-gardens\/#primaryimage"},"thumbnailUrl":"https:\/\/www.jaime-suarez.com\/wp-content\/uploads\/2025\/12\/IMG-20240727-WA0002.jpg","datePublished":"2024-07-27T00:00:00+00:00","breadcrumb":{"@id":"https:\/\/www.jaime-suarez.com\/es\/news\/hombre-de-18-anos-arrestado-tras-accidente-fatal-en-miami-gardens\/#breadcrumb"},"inLanguage":"es","potentialAction":[{"@type":"ReadAction","target":["https:\/\/www.jaime-suarez.com\/es\/news\/hombre-de-18-anos-arrestado-tras-accidente-fatal-en-miami-gardens\/"]}]},{"@type":"ImageObject","inLanguage":"es","@id":"https:\/\/www.jaime-suarez.com\/es\/news\/hombre-de-18-anos-arrestado-tras-accidente-fatal-en-miami-gardens\/#primaryimage","url":"https:\/\/www.jaime-suarez.com\/wp-content\/uploads\/2025\/12\/IMG-20240727-WA0002.jpg","contentUrl":"https:\/\/www.jaime-suarez.com\/wp-content\/uploads\/2025\/12\/IMG-20240727-WA0002.jpg","width":320,"height":180},{"@type":"BreadcrumbList","@id":"https:\/\/www.jaime-suarez.com\/es\/news\/hombre-de-18-anos-arrestado-tras-accidente-fatal-en-miami-gardens\/#breadcrumb","itemListElement":[{"@type":"ListItem","position":1,"name":"Home","item":"https:\/\/www.jaime-suarez.com\/es\/"},{"@type":"ListItem","position":2,"name":"News","item":"https:\/\/www.jaime-suarez.com\/es\/news\/"},{"@type":"ListItem","position":3,"name":"Hombre de 18 a\u00f1os arrestado tras accidente fatal en Miami Gardens"}]},{"@type":"WebSite","@id":"https:\/\/www.jaime-suarez.com\/es\/#website","url":"https:\/\/www.jaime-suarez.com\/es\/","name":"Jaime Suarez","description":"Miami Injury Accident Attorney","publisher":{"@id":"https:\/\/www.jaime-suarez.com\/es\/#organization"},"potentialAction":[{"@type":"SearchAction","target":{"@type":"EntryPoint","urlTemplate":"https:\/\/www.jaime-suarez.com\/es\/?s={search_term_string}"},"query-input":{"@type":"PropertyValueSpecification","valueRequired":true,"valueName":"search_term_string"}}],"inLanguage":"es"},{"@type":"Organization","@id":"https:\/\/www.jaime-suarez.com\/es\/#organization","name":"Jaime Suarez","url":"https:\/\/www.jaime-suarez.com\/es\/","logo":{"@type":"ImageObject","inLanguage":"es","@id":"https:\/\/www.jaime-suarez.com\/es\/#\/schema\/logo\/image\/","url":"https:\/\/www.jaime-suarez.com\/wp-content\/uploads\/2025\/11\/jaime-suarez-logo.webp","contentUrl":"https:\/\/www.jaime-suarez.com\/wp-content\/uploads\/2025\/11\/jaime-suarez-logo.webp","width":900,"height":263,"caption":"Jaime Suarez"},"image":{"@id":"https:\/\/www.jaime-suarez.com\/es\/#\/schema\/logo\/image\/"}}]}},"_links":{"self":[{"href":"https:\/\/www.jaime-suarez.com\/es\/wp-json\/wp\/v2\/news\/29377","targetHints":{"allow":["GET"]}}],"collection":[{"href":"https:\/\/www.jaime-suarez.com\/es\/wp-json\/wp\/v2\/news"}],"about":[{"href":"https:\/\/www.jaime-suarez.com\/es\/wp-json\/wp\/v2\/types\/news"}],"author":[{"embeddable":true,"href":"https:\/\/www.jaime-suarez.com\/es\/wp-json\/wp\/v2\/users\/2"}],"replies":[{"embeddable":true,"href":"https:\/\/www.jaime-suarez.com\/es\/wp-json\/wp\/v2\/comments?post=29377"}],"version-history":[{"count":0,"href":"https:\/\/www.jaime-suarez.com\/es\/wp-json\/wp\/v2\/news\/29377\/revisions"}],"wp:featuredmedia":[{"embeddable":true,"href":"https:\/\/www.jaime-suarez.com\/es\/wp-json\/wp\/v2\/media\/27611"}],"wp:attachment":[{"href":"https:\/\/www.jaime-suarez.com\/es\/wp-json\/wp\/v2\/media?parent=29377"}],"wp:term":[{"taxonomy":"post_tag","embeddable":true,"href":"https:\/\/www.jaime-suarez.com\/es\/wp-json\/wp\/v2\/tags?post=29377"},{"taxonomy":"news-category","embeddable":true,"href":"https:\/\/www.jaime-suarez.com\/es\/wp-json\/wp\/v2\/news-category?post=29377"}],"curies":[{"name":"wp","href":"https:\/\/api.w.org\/{rel}","templated":true}]}}