{"id":29398,"date":"2024-08-22T00:00:00","date_gmt":"2024-08-22T00:00:00","guid":{"rendered":"https:\/\/jaime-suarez.com\/news\/10-heridos-en-un-choque-en-cadena-en-el-que-se-vieron-involucrados-al-menos-5-vehiculos-en-miami-gardens\/"},"modified":"2024-08-22T00:00:00","modified_gmt":"2024-08-22T00:00:00","slug":"10-heridos-en-un-choque-en-cadena-en-el-que-se-vieron-involucrados-al-menos-5-vehiculos-en-miami-gardens","status":"publish","type":"news","link":"https:\/\/www.jaime-suarez.com\/es\/news\/10-heridos-en-un-choque-en-cadena-en-el-que-se-vieron-involucrados-al-menos-5-vehiculos-en-miami-gardens\/","title":{"rendered":"10 heridos en un choque en cadena en el que se vieron involucrados al menos 5 veh\u00edculos en Miami Gardens"},"content":{"rendered":"<p>Source: <a href=\"https:\/\/www.nbcmiami.com\/news\/local\/10-hurt-in-chain-reaction-crash-involving-at-least-5-vehicles-in-miami-gardens\/3397724\/?amp=1\">NBC 6 South Florida<\/a><\/p>\n<p>Diez personas resultaron heridas en un choque en cadena en Miami Gardens el mi\u00e9rcoles, seg\u00fan informes preliminares del Departamento de Bomberos de Miami-Dade.<\/p>\n<p>El choque en cadena involucr\u00f3 al menos a cinco veh\u00edculos en la intersecci\u00f3n de la Avenida 27 del noroeste y la Calle 199 del noroeste.<\/p>\n<p>Chopper6 captur\u00f3 im\u00e1genes de varios autos siendo remolcados del lugar, muchos de ellos gravemente da\u00f1ados.<\/p>\n<p>El Departamento de Bomberos de Miami-Dade dijo que las v\u00edctimas ten\u00edan heridas leves.<\/p>\n<p>No qued\u00f3 claro de inmediato qu\u00e9 provoc\u00f3 los choques.<\/p>\n<p><strong>\u00bfA QUI\u00c9N DEBO LLAMAR?<\/strong><\/p>\n<p>Durante m\u00e1s de dos d\u00e9cadas, los abogados de Suarez &amp; Montero han estado ayudando a las v\u00edctimas de accidentes y sus familias a cobrar una compensaci\u00f3n financiera justa y ver justicia por sus lesiones y p\u00e9rdidas.<\/p>\n<p>Llame a nuestro bufete de abogados hoy al (305) 631-1911 para hablar con uno de nuestros abogados de lesiones personales que podr\u00e1 informarle sobre su elegibilidad para recibir compensaci\u00f3n por sus lesiones y p\u00e9rdidas en las que pueda haber incurrido debido a un accidente reciente<\/p>\n","protected":false},"excerpt":{"rendered":"<p>Source: NBC 6 South Florida Diez personas resultaron heridas en un choque en cadena en Miami Gardens el mi\u00e9rcoles, seg\u00fan informes preliminares del Departamento de Bomberos de Miami-Dade. El choque en cadena involucr\u00f3 al menos a cinco veh\u00edculos en la intersecci\u00f3n de la Avenida 27 del noroeste y la Calle 199 del noroeste. Chopper6 captur\u00f3 [&hellip;]<\/p>\n","protected":false},"author":2,"featured_media":27653,"comment_status":"open","ping_status":"open","template":"","tags":[],"news-category":[],"class_list":["post-29398","news","type-news","status-publish","has-post-thumbnail","hentry"],"yoast_head":"<!-- This site is optimized with the Yoast SEO plugin v27.1.1 - https:\/\/yoast.com\/product\/yoast-seo-wordpress\/ -->\n<title>10 heridos en un choque en cadena en el que se vieron involucrados al menos 5 veh\u00edculos en Miami Gardens - Jaime Suarez<\/title>\n<meta name=\"robots\" content=\"index, follow, max-snippet:-1, max-image-preview:large, max-video-preview:-1\" \/>\n<link rel=\"canonical\" href=\"https:\/\/www.jaime-suarez.com\/es\/news\/10-heridos-en-un-choque-en-cadena-en-el-que-se-vieron-involucrados-al-menos-5-vehiculos-en-miami-gardens\/\" \/>\n<meta property=\"og:locale\" content=\"es_ES\" \/>\n<meta property=\"og:type\" content=\"article\" \/>\n<meta property=\"og:title\" content=\"10 heridos en un choque en cadena en el que se vieron involucrados al menos 5 veh\u00edculos en Miami Gardens - Jaime Suarez\" \/>\n<meta property=\"og:description\" content=\"Source: NBC 6 South Florida Diez personas resultaron heridas en un choque en cadena en Miami Gardens el mi\u00e9rcoles, seg\u00fan informes preliminares del Departamento de Bomberos de Miami-Dade. El choque en cadena involucr\u00f3 al menos a cinco veh\u00edculos en la intersecci\u00f3n de la Avenida 27 del noroeste y la Calle 199 del noroeste. Chopper6 captur\u00f3 [&hellip;]\" \/>\n<meta property=\"og:url\" content=\"https:\/\/www.jaime-suarez.com\/es\/news\/10-heridos-en-un-choque-en-cadena-en-el-que-se-vieron-involucrados-al-menos-5-vehiculos-en-miami-gardens\/\" \/>\n<meta property=\"og:site_name\" content=\"Jaime Suarez\" \/>\n<meta property=\"og:image\" content=\"https:\/\/www.jaime-suarez.com\/wp-content\/uploads\/2025\/12\/IMG-20240822-WA0005.jpg\" \/>\n\t<meta property=\"og:image:width\" content=\"1242\" \/>\n\t<meta property=\"og:image:height\" content=\"514\" \/>\n\t<meta property=\"og:image:type\" content=\"image\/jpeg\" \/>\n<meta name=\"twitter:card\" content=\"summary_large_image\" \/>\n<meta name=\"twitter:label1\" content=\"Tiempo de lectura\" \/>\n\t<meta name=\"twitter:data1\" content=\"1 minuto\" \/>\n<!-- \/ Yoast SEO plugin. -->","yoast_head_json":{"title":"10 heridos en un choque en cadena en el que se vieron involucrados al menos 5 veh\u00edculos en Miami Gardens - Jaime Suarez","robots":{"index":"index","follow":"follow","max-snippet":"max-snippet:-1","max-image-preview":"max-image-preview:large","max-video-preview":"max-video-preview:-1"},"canonical":"https:\/\/www.jaime-suarez.com\/es\/news\/10-heridos-en-un-choque-en-cadena-en-el-que-se-vieron-involucrados-al-menos-5-vehiculos-en-miami-gardens\/","og_locale":"es_ES","og_type":"article","og_title":"10 heridos en un choque en cadena en el que se vieron involucrados al menos 5 veh\u00edculos en Miami Gardens - Jaime Suarez","og_description":"Source: NBC 6 South Florida Diez personas resultaron heridas en un choque en cadena en Miami Gardens el mi\u00e9rcoles, seg\u00fan informes preliminares del Departamento de Bomberos de Miami-Dade. El choque en cadena involucr\u00f3 al menos a cinco veh\u00edculos en la intersecci\u00f3n de la Avenida 27 del noroeste y la Calle 199 del noroeste. Chopper6 captur\u00f3 [&hellip;]","og_url":"https:\/\/www.jaime-suarez.com\/es\/news\/10-heridos-en-un-choque-en-cadena-en-el-que-se-vieron-involucrados-al-menos-5-vehiculos-en-miami-gardens\/","og_site_name":"Jaime Suarez","og_image":[{"width":1242,"height":514,"url":"https:\/\/www.jaime-suarez.com\/wp-content\/uploads\/2025\/12\/IMG-20240822-WA0005.jpg","type":"image\/jpeg"}],"twitter_card":"summary_large_image","twitter_misc":{"Tiempo de lectura":"1 minuto"},"schema":{"@context":"https:\/\/schema.org","@graph":[{"@type":"WebPage","@id":"https:\/\/www.jaime-suarez.com\/es\/news\/10-heridos-en-un-choque-en-cadena-en-el-que-se-vieron-involucrados-al-menos-5-vehiculos-en-miami-gardens\/","url":"https:\/\/www.jaime-suarez.com\/es\/news\/10-heridos-en-un-choque-en-cadena-en-el-que-se-vieron-involucrados-al-menos-5-vehiculos-en-miami-gardens\/","name":"10 heridos en un choque en cadena en el que se vieron involucrados al menos 5 veh\u00edculos en Miami Gardens - Jaime Suarez","isPartOf":{"@id":"https:\/\/www.jaime-suarez.com\/es\/#website"},"primaryImageOfPage":{"@id":"https:\/\/www.jaime-suarez.com\/es\/news\/10-heridos-en-un-choque-en-cadena-en-el-que-se-vieron-involucrados-al-menos-5-vehiculos-en-miami-gardens\/#primaryimage"},"image":{"@id":"https:\/\/www.jaime-suarez.com\/es\/news\/10-heridos-en-un-choque-en-cadena-en-el-que-se-vieron-involucrados-al-menos-5-vehiculos-en-miami-gardens\/#primaryimage"},"thumbnailUrl":"https:\/\/www.jaime-suarez.com\/wp-content\/uploads\/2025\/12\/IMG-20240822-WA0005.jpg","datePublished":"2024-08-22T00:00:00+00:00","breadcrumb":{"@id":"https:\/\/www.jaime-suarez.com\/es\/news\/10-heridos-en-un-choque-en-cadena-en-el-que-se-vieron-involucrados-al-menos-5-vehiculos-en-miami-gardens\/#breadcrumb"},"inLanguage":"es","potentialAction":[{"@type":"ReadAction","target":["https:\/\/www.jaime-suarez.com\/es\/news\/10-heridos-en-un-choque-en-cadena-en-el-que-se-vieron-involucrados-al-menos-5-vehiculos-en-miami-gardens\/"]}]},{"@type":"ImageObject","inLanguage":"es","@id":"https:\/\/www.jaime-suarez.com\/es\/news\/10-heridos-en-un-choque-en-cadena-en-el-que-se-vieron-involucrados-al-menos-5-vehiculos-en-miami-gardens\/#primaryimage","url":"https:\/\/www.jaime-suarez.com\/wp-content\/uploads\/2025\/12\/IMG-20240822-WA0005.jpg","contentUrl":"https:\/\/www.jaime-suarez.com\/wp-content\/uploads\/2025\/12\/IMG-20240822-WA0005.jpg","width":1242,"height":514},{"@type":"BreadcrumbList","@id":"https:\/\/www.jaime-suarez.com\/es\/news\/10-heridos-en-un-choque-en-cadena-en-el-que-se-vieron-involucrados-al-menos-5-vehiculos-en-miami-gardens\/#breadcrumb","itemListElement":[{"@type":"ListItem","position":1,"name":"Home","item":"https:\/\/www.jaime-suarez.com\/es\/"},{"@type":"ListItem","position":2,"name":"News","item":"https:\/\/www.jaime-suarez.com\/es\/news\/"},{"@type":"ListItem","position":3,"name":"10 heridos en un choque en cadena en el que se vieron involucrados al menos 5 veh\u00edculos en Miami Gardens"}]},{"@type":"WebSite","@id":"https:\/\/www.jaime-suarez.com\/es\/#website","url":"https:\/\/www.jaime-suarez.com\/es\/","name":"Jaime Suarez","description":"Miami Injury Accident Attorney","publisher":{"@id":"https:\/\/www.jaime-suarez.com\/es\/#organization"},"potentialAction":[{"@type":"SearchAction","target":{"@type":"EntryPoint","urlTemplate":"https:\/\/www.jaime-suarez.com\/es\/?s={search_term_string}"},"query-input":{"@type":"PropertyValueSpecification","valueRequired":true,"valueName":"search_term_string"}}],"inLanguage":"es"},{"@type":"Organization","@id":"https:\/\/www.jaime-suarez.com\/es\/#organization","name":"Jaime Suarez","url":"https:\/\/www.jaime-suarez.com\/es\/","logo":{"@type":"ImageObject","inLanguage":"es","@id":"https:\/\/www.jaime-suarez.com\/es\/#\/schema\/logo\/image\/","url":"https:\/\/www.jaime-suarez.com\/wp-content\/uploads\/2025\/11\/jaime-suarez-logo.webp","contentUrl":"https:\/\/www.jaime-suarez.com\/wp-content\/uploads\/2025\/11\/jaime-suarez-logo.webp","width":900,"height":263,"caption":"Jaime Suarez"},"image":{"@id":"https:\/\/www.jaime-suarez.com\/es\/#\/schema\/logo\/image\/"}}]}},"_links":{"self":[{"href":"https:\/\/www.jaime-suarez.com\/es\/wp-json\/wp\/v2\/news\/29398","targetHints":{"allow":["GET"]}}],"collection":[{"href":"https:\/\/www.jaime-suarez.com\/es\/wp-json\/wp\/v2\/news"}],"about":[{"href":"https:\/\/www.jaime-suarez.com\/es\/wp-json\/wp\/v2\/types\/news"}],"author":[{"embeddable":true,"href":"https:\/\/www.jaime-suarez.com\/es\/wp-json\/wp\/v2\/users\/2"}],"replies":[{"embeddable":true,"href":"https:\/\/www.jaime-suarez.com\/es\/wp-json\/wp\/v2\/comments?post=29398"}],"version-history":[{"count":0,"href":"https:\/\/www.jaime-suarez.com\/es\/wp-json\/wp\/v2\/news\/29398\/revisions"}],"wp:featuredmedia":[{"embeddable":true,"href":"https:\/\/www.jaime-suarez.com\/es\/wp-json\/wp\/v2\/media\/27653"}],"wp:attachment":[{"href":"https:\/\/www.jaime-suarez.com\/es\/wp-json\/wp\/v2\/media?parent=29398"}],"wp:term":[{"taxonomy":"post_tag","embeddable":true,"href":"https:\/\/www.jaime-suarez.com\/es\/wp-json\/wp\/v2\/tags?post=29398"},{"taxonomy":"news-category","embeddable":true,"href":"https:\/\/www.jaime-suarez.com\/es\/wp-json\/wp\/v2\/news-category?post=29398"}],"curies":[{"name":"wp","href":"https:\/\/api.w.org\/{rel}","templated":true}]}}