{"id":29440,"date":"2024-11-03T00:00:00","date_gmt":"2024-11-03T00:00:00","guid":{"rendered":"https:\/\/jaime-suarez.com\/news\/accidente-fatal-de-motocicleta-cierra-palmetto-expressway\/"},"modified":"2024-11-03T00:00:00","modified_gmt":"2024-11-03T00:00:00","slug":"accidente-fatal-de-motocicleta-cierra-palmetto-expressway","status":"publish","type":"news","link":"https:\/\/www.jaime-suarez.com\/es\/news\/accidente-fatal-de-motocicleta-cierra-palmetto-expressway\/","title":{"rendered":"Accidente fatal de motocicleta cierra Palmetto Expressway"},"content":{"rendered":"<p>Source: <a href=\"https:\/\/www.cbsnews.com\/amp\/miami\/news\/fatal-motorcycle-accident-closes-palmetto-expressway-for-hours\/\">CBS Miami News<\/a><\/p>\n<p>Un accidente fatal de motocicleta paraliz\u00f3 el tr\u00e1fico en Palmetto Expressway el viernes por la tarde.<\/p>\n<p>El accidente ocurri\u00f3 alrededor de la 1 p. m. en NW 103 Street, donde las autoridades dijeron que un motociclista perdi\u00f3 el control y cay\u00f3 a la carretera.<\/p>\n<p>El motociclista, cuya identidad a\u00fan no se ha revelado, fue trasladado al Centro de Traumatismos Ryder, pero muri\u00f3 a causa de sus heridas poco despu\u00e9s de llegar.<\/p>\n<p>Cuatro carriles de la autopista se cerraron temporalmente mientras la Patrulla de Carreteras de Florida realizaba una investigaci\u00f3n preliminar.<\/p>\n<p>Desde entonces, todos los carriles han vuelto a abrir.<\/p>\n<p><strong>\u00bfA QUI\u00c9N DEBO LLAMAR?<\/strong><\/p>\n<p>Durante m\u00e1s de dos d\u00e9cadas, los abogados de Suarez &amp; Montero han estado ayudando a las v\u00edctimas de accidentes y sus familias a cobrar una compensaci\u00f3n financiera justa y ver justicia por sus lesiones y p\u00e9rdidas.<\/p>\n<p>Llame a nuestro bufete de abogados hoy al <a href=\"tel:(305) 631-1911\">(305) 631-1911<\/a> para hablar con uno de nuestros abogados de lesiones personales que podr\u00e1 informarle sobre su elegibilidad para recibir compensaci\u00f3n por sus lesiones y p\u00e9rdidas en las que pueda haber incurrido debido a un accidente reciente.<\/p>\n","protected":false},"excerpt":{"rendered":"<p>Source: CBS Miami News Un accidente fatal de motocicleta paraliz\u00f3 el tr\u00e1fico en Palmetto Expressway el viernes por la tarde. El accidente ocurri\u00f3 alrededor de la 1 p. m. en NW 103 Street, donde las autoridades dijeron que un motociclista perdi\u00f3 el control y cay\u00f3 a la carretera. El motociclista, cuya identidad a\u00fan no se [&hellip;]<\/p>\n","protected":false},"author":2,"featured_media":27738,"comment_status":"open","ping_status":"open","template":"","tags":[],"news-category":[],"class_list":["post-29440","news","type-news","status-publish","has-post-thumbnail","hentry"],"yoast_head":"<!-- This site is optimized with the Yoast SEO plugin v27.1.1 - https:\/\/yoast.com\/product\/yoast-seo-wordpress\/ -->\n<title>Accidente fatal de motocicleta cierra Palmetto Expressway - Jaime Suarez<\/title>\n<meta name=\"robots\" content=\"index, follow, max-snippet:-1, max-image-preview:large, max-video-preview:-1\" \/>\n<link rel=\"canonical\" href=\"https:\/\/www.jaime-suarez.com\/es\/news\/accidente-fatal-de-motocicleta-cierra-palmetto-expressway\/\" \/>\n<meta property=\"og:locale\" content=\"es_ES\" \/>\n<meta property=\"og:type\" content=\"article\" \/>\n<meta property=\"og:title\" content=\"Accidente fatal de motocicleta cierra Palmetto Expressway - Jaime Suarez\" \/>\n<meta property=\"og:description\" content=\"Source: CBS Miami News Un accidente fatal de motocicleta paraliz\u00f3 el tr\u00e1fico en Palmetto Expressway el viernes por la tarde. El accidente ocurri\u00f3 alrededor de la 1 p. m. en NW 103 Street, donde las autoridades dijeron que un motociclista perdi\u00f3 el control y cay\u00f3 a la carretera. El motociclista, cuya identidad a\u00fan no se [&hellip;]\" \/>\n<meta property=\"og:url\" content=\"https:\/\/www.jaime-suarez.com\/es\/news\/accidente-fatal-de-motocicleta-cierra-palmetto-expressway\/\" \/>\n<meta property=\"og:site_name\" content=\"Jaime Suarez\" \/>\n<meta property=\"og:image\" content=\"https:\/\/www.jaime-suarez.com\/wp-content\/uploads\/2025\/12\/IMG-20241102-WA0025.jpg\" \/>\n\t<meta property=\"og:image:width\" content=\"1242\" \/>\n\t<meta property=\"og:image:height\" content=\"524\" \/>\n\t<meta property=\"og:image:type\" content=\"image\/jpeg\" \/>\n<meta name=\"twitter:card\" content=\"summary_large_image\" \/>\n<meta name=\"twitter:label1\" content=\"Tiempo de lectura\" \/>\n\t<meta name=\"twitter:data1\" content=\"1 minuto\" \/>\n<!-- \/ Yoast SEO plugin. -->","yoast_head_json":{"title":"Accidente fatal de motocicleta cierra Palmetto Expressway - Jaime Suarez","robots":{"index":"index","follow":"follow","max-snippet":"max-snippet:-1","max-image-preview":"max-image-preview:large","max-video-preview":"max-video-preview:-1"},"canonical":"https:\/\/www.jaime-suarez.com\/es\/news\/accidente-fatal-de-motocicleta-cierra-palmetto-expressway\/","og_locale":"es_ES","og_type":"article","og_title":"Accidente fatal de motocicleta cierra Palmetto Expressway - Jaime Suarez","og_description":"Source: CBS Miami News Un accidente fatal de motocicleta paraliz\u00f3 el tr\u00e1fico en Palmetto Expressway el viernes por la tarde. El accidente ocurri\u00f3 alrededor de la 1 p. m. en NW 103 Street, donde las autoridades dijeron que un motociclista perdi\u00f3 el control y cay\u00f3 a la carretera. El motociclista, cuya identidad a\u00fan no se [&hellip;]","og_url":"https:\/\/www.jaime-suarez.com\/es\/news\/accidente-fatal-de-motocicleta-cierra-palmetto-expressway\/","og_site_name":"Jaime Suarez","og_image":[{"width":1242,"height":524,"url":"https:\/\/www.jaime-suarez.com\/wp-content\/uploads\/2025\/12\/IMG-20241102-WA0025.jpg","type":"image\/jpeg"}],"twitter_card":"summary_large_image","twitter_misc":{"Tiempo de lectura":"1 minuto"},"schema":{"@context":"https:\/\/schema.org","@graph":[{"@type":"WebPage","@id":"https:\/\/www.jaime-suarez.com\/es\/news\/accidente-fatal-de-motocicleta-cierra-palmetto-expressway\/","url":"https:\/\/www.jaime-suarez.com\/es\/news\/accidente-fatal-de-motocicleta-cierra-palmetto-expressway\/","name":"Accidente fatal de motocicleta cierra Palmetto Expressway - Jaime Suarez","isPartOf":{"@id":"https:\/\/www.jaime-suarez.com\/es\/#website"},"primaryImageOfPage":{"@id":"https:\/\/www.jaime-suarez.com\/es\/news\/accidente-fatal-de-motocicleta-cierra-palmetto-expressway\/#primaryimage"},"image":{"@id":"https:\/\/www.jaime-suarez.com\/es\/news\/accidente-fatal-de-motocicleta-cierra-palmetto-expressway\/#primaryimage"},"thumbnailUrl":"https:\/\/www.jaime-suarez.com\/wp-content\/uploads\/2025\/12\/IMG-20241102-WA0025.jpg","datePublished":"2024-11-03T00:00:00+00:00","breadcrumb":{"@id":"https:\/\/www.jaime-suarez.com\/es\/news\/accidente-fatal-de-motocicleta-cierra-palmetto-expressway\/#breadcrumb"},"inLanguage":"es","potentialAction":[{"@type":"ReadAction","target":["https:\/\/www.jaime-suarez.com\/es\/news\/accidente-fatal-de-motocicleta-cierra-palmetto-expressway\/"]}]},{"@type":"ImageObject","inLanguage":"es","@id":"https:\/\/www.jaime-suarez.com\/es\/news\/accidente-fatal-de-motocicleta-cierra-palmetto-expressway\/#primaryimage","url":"https:\/\/www.jaime-suarez.com\/wp-content\/uploads\/2025\/12\/IMG-20241102-WA0025.jpg","contentUrl":"https:\/\/www.jaime-suarez.com\/wp-content\/uploads\/2025\/12\/IMG-20241102-WA0025.jpg","width":1242,"height":524},{"@type":"BreadcrumbList","@id":"https:\/\/www.jaime-suarez.com\/es\/news\/accidente-fatal-de-motocicleta-cierra-palmetto-expressway\/#breadcrumb","itemListElement":[{"@type":"ListItem","position":1,"name":"Home","item":"https:\/\/www.jaime-suarez.com\/es\/"},{"@type":"ListItem","position":2,"name":"News","item":"https:\/\/www.jaime-suarez.com\/es\/news\/"},{"@type":"ListItem","position":3,"name":"Accidente fatal de motocicleta cierra Palmetto Expressway"}]},{"@type":"WebSite","@id":"https:\/\/www.jaime-suarez.com\/es\/#website","url":"https:\/\/www.jaime-suarez.com\/es\/","name":"Jaime Suarez","description":"Miami Injury Accident Attorney","publisher":{"@id":"https:\/\/www.jaime-suarez.com\/es\/#organization"},"potentialAction":[{"@type":"SearchAction","target":{"@type":"EntryPoint","urlTemplate":"https:\/\/www.jaime-suarez.com\/es\/?s={search_term_string}"},"query-input":{"@type":"PropertyValueSpecification","valueRequired":true,"valueName":"search_term_string"}}],"inLanguage":"es"},{"@type":"Organization","@id":"https:\/\/www.jaime-suarez.com\/es\/#organization","name":"Jaime Suarez","url":"https:\/\/www.jaime-suarez.com\/es\/","logo":{"@type":"ImageObject","inLanguage":"es","@id":"https:\/\/www.jaime-suarez.com\/es\/#\/schema\/logo\/image\/","url":"https:\/\/www.jaime-suarez.com\/wp-content\/uploads\/2025\/11\/jaime-suarez-logo.webp","contentUrl":"https:\/\/www.jaime-suarez.com\/wp-content\/uploads\/2025\/11\/jaime-suarez-logo.webp","width":900,"height":263,"caption":"Jaime Suarez"},"image":{"@id":"https:\/\/www.jaime-suarez.com\/es\/#\/schema\/logo\/image\/"}}]}},"_links":{"self":[{"href":"https:\/\/www.jaime-suarez.com\/es\/wp-json\/wp\/v2\/news\/29440","targetHints":{"allow":["GET"]}}],"collection":[{"href":"https:\/\/www.jaime-suarez.com\/es\/wp-json\/wp\/v2\/news"}],"about":[{"href":"https:\/\/www.jaime-suarez.com\/es\/wp-json\/wp\/v2\/types\/news"}],"author":[{"embeddable":true,"href":"https:\/\/www.jaime-suarez.com\/es\/wp-json\/wp\/v2\/users\/2"}],"replies":[{"embeddable":true,"href":"https:\/\/www.jaime-suarez.com\/es\/wp-json\/wp\/v2\/comments?post=29440"}],"version-history":[{"count":0,"href":"https:\/\/www.jaime-suarez.com\/es\/wp-json\/wp\/v2\/news\/29440\/revisions"}],"wp:featuredmedia":[{"embeddable":true,"href":"https:\/\/www.jaime-suarez.com\/es\/wp-json\/wp\/v2\/media\/27738"}],"wp:attachment":[{"href":"https:\/\/www.jaime-suarez.com\/es\/wp-json\/wp\/v2\/media?parent=29440"}],"wp:term":[{"taxonomy":"post_tag","embeddable":true,"href":"https:\/\/www.jaime-suarez.com\/es\/wp-json\/wp\/v2\/tags?post=29440"},{"taxonomy":"news-category","embeddable":true,"href":"https:\/\/www.jaime-suarez.com\/es\/wp-json\/wp\/v2\/news-category?post=29440"}],"curies":[{"name":"wp","href":"https:\/\/api.w.org\/{rel}","templated":true}]}}