{"id":29456,"date":"2024-12-23T00:00:00","date_gmt":"2024-12-23T00:00:00","guid":{"rendered":"https:\/\/jaime-suarez.com\/news\/un-dron-que-se-cayo-hiere-gravemente-a-un-nino-durante-un-espectaculo-navideno-en-florida-dice-su-madre\/"},"modified":"2024-12-23T00:00:00","modified_gmt":"2024-12-23T00:00:00","slug":"un-dron-que-se-cayo-hiere-gravemente-a-un-nino-durante-un-espectaculo-navideno-en-florida-dice-su-madre","status":"publish","type":"news","link":"https:\/\/www.jaime-suarez.com\/es\/news\/un-dron-que-se-cayo-hiere-gravemente-a-un-nino-durante-un-espectaculo-navideno-en-florida-dice-su-madre\/","title":{"rendered":"Un dron que se cay\u00f3 hiere gravemente a un ni\u00f1o durante un espect\u00e1culo navide\u00f1o en Florida, dice su madre"},"content":{"rendered":"<p>Source: <a href=\"https:\/\/www.nbcnews.com\/news\/amp\/rcna185183\">NBC News<\/a><\/p>\n<p>Un espectador de 7 a\u00f1os en un espect\u00e1culo de drones navide\u00f1os en Orlando, Florida, result\u00f3 gravemente herido el s\u00e1bado por la noche cuando uno de los dispositivos cay\u00f3 y lo golpe\u00f3 en el pecho, dijo su madre.<\/p>\n<p>El Departamento de Bomberos de Orlando confirm\u00f3 que una persona fue hospitalizada tras \u00abdificultades t\u00e9cnicas\u00bb en el tercer espect\u00e1culo anual de drones navide\u00f1os organizado por la ciudad en Lake Eola Park.<\/p>\n<p>La Administraci\u00f3n Federal de Aviaci\u00f3n, que est\u00e1 investigando, dijo en un comunicado el domingo que \u00abvarios\u00bb drones peque\u00f1os chocaron durante el espect\u00e1culo alrededor de las 6:45 p.m., algunos cayendo sobre la multitud.<\/p>\n<p>El personal de bomberos estaba atendiendo una carpa m\u00e9dica habitual cercana y acudi\u00f3 r\u00e1pidamente a ayudar al ni\u00f1o, dijo el departamento en un comunicado. No se reportaron otras lesiones.<\/p>\n<p>Antes de que la FAA permita un evento de este tipo, dijo, analiza el software que se utilizar\u00e1, los mapas de flujo de multitudes propuestos para garantizar que las personas est\u00e9n a una distancia segura de los dispositivos, las capacidades de geofencing que deber\u00edan garantizar que los drones se mantengan dentro de un \u00e1rea determinada y el personal. Adriana Edgerton dijo a la afiliada de NBC, WESH, que vio a los drones caer despu\u00e9s de la colisi\u00f3n y que su hijo, Alexander, se someti\u00f3 a una cirug\u00eda card\u00edaca como resultado de la lesi\u00f3n causada por el dron.<\/p>\n<p>El departamento de bomberos nombr\u00f3 a Sky Elements Drones, de Coppell, Texas, como productor del programa por segundo a\u00f1o.<\/p>\n<p><strong>\u00bfA QUI\u00c9N DEBO LLAMAR?<\/strong><\/p>\n<p>Durante m\u00e1s de dos d\u00e9cadas, los abogados de Suarez &amp; Montero han estado ayudando a las v\u00edctimas de accidentes y sus familias a cobrar una compensaci\u00f3n financiera justa y ver justicia por sus lesiones y p\u00e9rdidas.<\/p>\n<p>Llame a nuestro bufete de abogados hoy al <a href=\"tel:(305) 631-1911\">(305) 631-1911<\/a> para hablar con uno de nuestros abogados de lesiones personales que podr\u00e1 informarle sobre su elegibilidad para recibir compensaci\u00f3n por sus lesiones y p\u00e9rdidas en las que pueda haber incurrido debido a un accidente reciente.<\/p>\n","protected":false},"excerpt":{"rendered":"<p>Source: NBC News Un espectador de 7 a\u00f1os en un espect\u00e1culo de drones navide\u00f1os en Orlando, Florida, result\u00f3 gravemente herido el s\u00e1bado por la noche cuando uno de los dispositivos cay\u00f3 y lo golpe\u00f3 en el pecho, dijo su madre. El Departamento de Bomberos de Orlando confirm\u00f3 que una persona fue hospitalizada tras \u00abdificultades t\u00e9cnicas\u00bb [&hellip;]<\/p>\n","protected":false},"author":2,"featured_media":27770,"comment_status":"open","ping_status":"open","template":"","tags":[],"news-category":[],"class_list":["post-29456","news","type-news","status-publish","has-post-thumbnail","hentry"],"yoast_head":"<!-- This site is optimized with the Yoast SEO plugin v27.1.1 - https:\/\/yoast.com\/product\/yoast-seo-wordpress\/ -->\n<title>Un dron que se cay\u00f3 hiere gravemente a un ni\u00f1o durante un espect\u00e1culo navide\u00f1o en Florida, dice su madre - Jaime Suarez<\/title>\n<meta name=\"robots\" content=\"index, follow, max-snippet:-1, max-image-preview:large, max-video-preview:-1\" \/>\n<link rel=\"canonical\" href=\"https:\/\/www.jaime-suarez.com\/es\/news\/un-dron-que-se-cayo-hiere-gravemente-a-un-nino-durante-un-espectaculo-navideno-en-florida-dice-su-madre\/\" \/>\n<meta property=\"og:locale\" content=\"es_ES\" \/>\n<meta property=\"og:type\" content=\"article\" \/>\n<meta property=\"og:title\" content=\"Un dron que se cay\u00f3 hiere gravemente a un ni\u00f1o durante un espect\u00e1culo navide\u00f1o en Florida, dice su madre - Jaime Suarez\" \/>\n<meta property=\"og:description\" content=\"Source: NBC News Un espectador de 7 a\u00f1os en un espect\u00e1culo de drones navide\u00f1os en Orlando, Florida, result\u00f3 gravemente herido el s\u00e1bado por la noche cuando uno de los dispositivos cay\u00f3 y lo golpe\u00f3 en el pecho, dijo su madre. El Departamento de Bomberos de Orlando confirm\u00f3 que una persona fue hospitalizada tras \u00abdificultades t\u00e9cnicas\u00bb [&hellip;]\" \/>\n<meta property=\"og:url\" content=\"https:\/\/www.jaime-suarez.com\/es\/news\/un-dron-que-se-cayo-hiere-gravemente-a-un-nino-durante-un-espectaculo-navideno-en-florida-dice-su-madre\/\" \/>\n<meta property=\"og:site_name\" content=\"Jaime Suarez\" \/>\n<meta property=\"og:image\" content=\"https:\/\/www.jaime-suarez.com\/wp-content\/uploads\/2025\/12\/IMG-20241223-WA0005.jpg\" \/>\n\t<meta property=\"og:image:width\" content=\"621\" \/>\n\t<meta property=\"og:image:height\" content=\"414\" \/>\n\t<meta property=\"og:image:type\" content=\"image\/jpeg\" \/>\n<meta name=\"twitter:card\" content=\"summary_large_image\" \/>\n<meta name=\"twitter:label1\" content=\"Tiempo de lectura\" \/>\n\t<meta name=\"twitter:data1\" content=\"2 minutos\" \/>\n<!-- \/ Yoast SEO plugin. -->","yoast_head_json":{"title":"Un dron que se cay\u00f3 hiere gravemente a un ni\u00f1o durante un espect\u00e1culo navide\u00f1o en Florida, dice su madre - Jaime Suarez","robots":{"index":"index","follow":"follow","max-snippet":"max-snippet:-1","max-image-preview":"max-image-preview:large","max-video-preview":"max-video-preview:-1"},"canonical":"https:\/\/www.jaime-suarez.com\/es\/news\/un-dron-que-se-cayo-hiere-gravemente-a-un-nino-durante-un-espectaculo-navideno-en-florida-dice-su-madre\/","og_locale":"es_ES","og_type":"article","og_title":"Un dron que se cay\u00f3 hiere gravemente a un ni\u00f1o durante un espect\u00e1culo navide\u00f1o en Florida, dice su madre - Jaime Suarez","og_description":"Source: NBC News Un espectador de 7 a\u00f1os en un espect\u00e1culo de drones navide\u00f1os en Orlando, Florida, result\u00f3 gravemente herido el s\u00e1bado por la noche cuando uno de los dispositivos cay\u00f3 y lo golpe\u00f3 en el pecho, dijo su madre. El Departamento de Bomberos de Orlando confirm\u00f3 que una persona fue hospitalizada tras \u00abdificultades t\u00e9cnicas\u00bb [&hellip;]","og_url":"https:\/\/www.jaime-suarez.com\/es\/news\/un-dron-que-se-cayo-hiere-gravemente-a-un-nino-durante-un-espectaculo-navideno-en-florida-dice-su-madre\/","og_site_name":"Jaime Suarez","og_image":[{"width":621,"height":414,"url":"https:\/\/www.jaime-suarez.com\/wp-content\/uploads\/2025\/12\/IMG-20241223-WA0005.jpg","type":"image\/jpeg"}],"twitter_card":"summary_large_image","twitter_misc":{"Tiempo de lectura":"2 minutos"},"schema":{"@context":"https:\/\/schema.org","@graph":[{"@type":"WebPage","@id":"https:\/\/www.jaime-suarez.com\/es\/news\/un-dron-que-se-cayo-hiere-gravemente-a-un-nino-durante-un-espectaculo-navideno-en-florida-dice-su-madre\/","url":"https:\/\/www.jaime-suarez.com\/es\/news\/un-dron-que-se-cayo-hiere-gravemente-a-un-nino-durante-un-espectaculo-navideno-en-florida-dice-su-madre\/","name":"Un dron que se cay\u00f3 hiere gravemente a un ni\u00f1o durante un espect\u00e1culo navide\u00f1o en Florida, dice su madre - Jaime Suarez","isPartOf":{"@id":"https:\/\/www.jaime-suarez.com\/es\/#website"},"primaryImageOfPage":{"@id":"https:\/\/www.jaime-suarez.com\/es\/news\/un-dron-que-se-cayo-hiere-gravemente-a-un-nino-durante-un-espectaculo-navideno-en-florida-dice-su-madre\/#primaryimage"},"image":{"@id":"https:\/\/www.jaime-suarez.com\/es\/news\/un-dron-que-se-cayo-hiere-gravemente-a-un-nino-durante-un-espectaculo-navideno-en-florida-dice-su-madre\/#primaryimage"},"thumbnailUrl":"https:\/\/www.jaime-suarez.com\/wp-content\/uploads\/2025\/12\/IMG-20241223-WA0005.jpg","datePublished":"2024-12-23T00:00:00+00:00","breadcrumb":{"@id":"https:\/\/www.jaime-suarez.com\/es\/news\/un-dron-que-se-cayo-hiere-gravemente-a-un-nino-durante-un-espectaculo-navideno-en-florida-dice-su-madre\/#breadcrumb"},"inLanguage":"es","potentialAction":[{"@type":"ReadAction","target":["https:\/\/www.jaime-suarez.com\/es\/news\/un-dron-que-se-cayo-hiere-gravemente-a-un-nino-durante-un-espectaculo-navideno-en-florida-dice-su-madre\/"]}]},{"@type":"ImageObject","inLanguage":"es","@id":"https:\/\/www.jaime-suarez.com\/es\/news\/un-dron-que-se-cayo-hiere-gravemente-a-un-nino-durante-un-espectaculo-navideno-en-florida-dice-su-madre\/#primaryimage","url":"https:\/\/www.jaime-suarez.com\/wp-content\/uploads\/2025\/12\/IMG-20241223-WA0005.jpg","contentUrl":"https:\/\/www.jaime-suarez.com\/wp-content\/uploads\/2025\/12\/IMG-20241223-WA0005.jpg","width":621,"height":414},{"@type":"BreadcrumbList","@id":"https:\/\/www.jaime-suarez.com\/es\/news\/un-dron-que-se-cayo-hiere-gravemente-a-un-nino-durante-un-espectaculo-navideno-en-florida-dice-su-madre\/#breadcrumb","itemListElement":[{"@type":"ListItem","position":1,"name":"Home","item":"https:\/\/www.jaime-suarez.com\/es\/"},{"@type":"ListItem","position":2,"name":"News","item":"https:\/\/www.jaime-suarez.com\/es\/news\/"},{"@type":"ListItem","position":3,"name":"Un dron que se cay\u00f3 hiere gravemente a un ni\u00f1o durante un espect\u00e1culo navide\u00f1o en Florida, dice su madre"}]},{"@type":"WebSite","@id":"https:\/\/www.jaime-suarez.com\/es\/#website","url":"https:\/\/www.jaime-suarez.com\/es\/","name":"Jaime Suarez","description":"Miami Injury Accident Attorney","publisher":{"@id":"https:\/\/www.jaime-suarez.com\/es\/#organization"},"potentialAction":[{"@type":"SearchAction","target":{"@type":"EntryPoint","urlTemplate":"https:\/\/www.jaime-suarez.com\/es\/?s={search_term_string}"},"query-input":{"@type":"PropertyValueSpecification","valueRequired":true,"valueName":"search_term_string"}}],"inLanguage":"es"},{"@type":"Organization","@id":"https:\/\/www.jaime-suarez.com\/es\/#organization","name":"Jaime Suarez","url":"https:\/\/www.jaime-suarez.com\/es\/","logo":{"@type":"ImageObject","inLanguage":"es","@id":"https:\/\/www.jaime-suarez.com\/es\/#\/schema\/logo\/image\/","url":"https:\/\/www.jaime-suarez.com\/wp-content\/uploads\/2025\/11\/jaime-suarez-logo.webp","contentUrl":"https:\/\/www.jaime-suarez.com\/wp-content\/uploads\/2025\/11\/jaime-suarez-logo.webp","width":900,"height":263,"caption":"Jaime Suarez"},"image":{"@id":"https:\/\/www.jaime-suarez.com\/es\/#\/schema\/logo\/image\/"}}]}},"_links":{"self":[{"href":"https:\/\/www.jaime-suarez.com\/es\/wp-json\/wp\/v2\/news\/29456","targetHints":{"allow":["GET"]}}],"collection":[{"href":"https:\/\/www.jaime-suarez.com\/es\/wp-json\/wp\/v2\/news"}],"about":[{"href":"https:\/\/www.jaime-suarez.com\/es\/wp-json\/wp\/v2\/types\/news"}],"author":[{"embeddable":true,"href":"https:\/\/www.jaime-suarez.com\/es\/wp-json\/wp\/v2\/users\/2"}],"replies":[{"embeddable":true,"href":"https:\/\/www.jaime-suarez.com\/es\/wp-json\/wp\/v2\/comments?post=29456"}],"version-history":[{"count":0,"href":"https:\/\/www.jaime-suarez.com\/es\/wp-json\/wp\/v2\/news\/29456\/revisions"}],"wp:featuredmedia":[{"embeddable":true,"href":"https:\/\/www.jaime-suarez.com\/es\/wp-json\/wp\/v2\/media\/27770"}],"wp:attachment":[{"href":"https:\/\/www.jaime-suarez.com\/es\/wp-json\/wp\/v2\/media?parent=29456"}],"wp:term":[{"taxonomy":"post_tag","embeddable":true,"href":"https:\/\/www.jaime-suarez.com\/es\/wp-json\/wp\/v2\/tags?post=29456"},{"taxonomy":"news-category","embeddable":true,"href":"https:\/\/www.jaime-suarez.com\/es\/wp-json\/wp\/v2\/news-category?post=29456"}],"curies":[{"name":"wp","href":"https:\/\/api.w.org\/{rel}","templated":true}]}}