{"id":29693,"date":"2025-11-21T00:00:00","date_gmt":"2025-11-21T00:00:00","guid":{"rendered":"https:\/\/jaime-suarez.com\/news\/conductor-trasladado-en-helicoptero-tras-choque-entre-tren-brightline-y-un-carro-en-north-miami\/"},"modified":"2025-11-21T00:00:00","modified_gmt":"2025-11-21T00:00:00","slug":"conductor-trasladado-en-helicoptero-tras-choque-entre-tren-brightline-y-un-carro-en-north-miami","status":"publish","type":"news","link":"https:\/\/www.jaime-suarez.com\/es\/news\/conductor-trasladado-en-helicoptero-tras-choque-entre-tren-brightline-y-un-carro-en-north-miami\/","title":{"rendered":"Conductor trasladado en helic\u00f3ptero tras choque entre tren Brightline y un carro en North Miami"},"content":{"rendered":"<p>Source: <a href=\"https:\/\/www.local10.com\/news\/local\/2025\/11\/19\/1-airlifted-after-brightline-train-crashes-into-car-in-north-miami\/\">www.local10.com<\/a><\/p>\n<p>Un hombre fue llevado de urgencia a un centro de trauma en helic\u00f3ptero el mi\u00e9rcoles despu\u00e9s de que su carro fuera golpeado por un tren Brightline en North Miami.<br \/>\nEl choque ocurri\u00f3 en Biscayne Boulevard cerca de la 141 Street, no muy lejos de un concesionario de autos. Testigos dijeron que el conductor parec\u00eda ser un se\u00f1or mayor y que todav\u00eda se mov\u00eda dentro del veh\u00edculo despu\u00e9s del impacto, mientras varias personas gritaban pidiendo ayuda.<br \/>\nLos equipos de emergencia llegaron r\u00e1pido y lo trasladaron en helic\u00f3ptero debido a la gravedad de sus heridas. Las autoridades no han revelado su identidad ni m\u00e1s detalles sobre c\u00f3mo ocurri\u00f3 el accidente.<br \/>\nLa barrera del cruce qued\u00f3 completamente destruida, y los trenes de Brightline tuvieron que reducir la velocidad mientras los investigadores trabajaban en la zona. El tren involucrado se detuvo varios cientos de pies m\u00e1s adelante del punto del choque.<br \/>\nNadie m\u00e1s result\u00f3 herido, y oficiales dijeron que el conductor est\u00e1 recibiendo atenci\u00f3n m\u00e9dica.<\/p>\n<p>\u00bfA QUI\u00c9N DEBO LLAMAR?<\/p>\n<p>Durante m\u00e1s de dos d\u00e9cadas, los abogados de Suarez &amp; Montero han estado ayudando a las v\u00edctimas de accidentes y sus familias a cobrar una compensaci\u00f3n financiera justa y ver justicia por sus lesiones y p\u00e9rdidas. Llame a nuestro bufete de abogados hoy al\u00a0<a href=\"tel:(305) 631-1911\">(305) 631-1911<\/a>\u00a0para hablar con uno de nuestros abogados de lesiones personales que podr\u00e1 informarle sobre su elegibilidad para recibir compensaci\u00f3n por sus lesiones y p\u00e9rdidas en las que pueda haber incurrido debido a un accidente reciente.<\/p>\n","protected":false},"excerpt":{"rendered":"<p>Source: www.local10.com Un hombre fue llevado de urgencia a un centro de trauma en helic\u00f3ptero el mi\u00e9rcoles despu\u00e9s de que su carro fuera golpeado por un tren Brightline en North Miami. El choque ocurri\u00f3 en Biscayne Boulevard cerca de la 141 Street, no muy lejos de un concesionario de autos. Testigos dijeron que el conductor [&hellip;]<\/p>\n","protected":false},"author":2,"featured_media":28246,"comment_status":"open","ping_status":"open","template":"","tags":[],"news-category":[108],"class_list":["post-29693","news","type-news","status-publish","has-post-thumbnail","hentry","news-category-accident"],"yoast_head":"<!-- This site is optimized with the Yoast SEO plugin v27.1.1 - https:\/\/yoast.com\/product\/yoast-seo-wordpress\/ -->\n<title>Conductor trasladado en helic\u00f3ptero tras choque entre tren Brightline y un carro en North Miami - Jaime Suarez<\/title>\n<meta name=\"description\" content=\"Un hombre fue llevado de urgencia a un centro de trauma en helic\u00f3ptero el mi\u00e9rcoles despu\u00e9s de que su carro fuera golpeado por un tren Brightline en North Miami.\" \/>\n<meta name=\"robots\" content=\"index, follow, max-snippet:-1, max-image-preview:large, max-video-preview:-1\" \/>\n<link rel=\"canonical\" href=\"https:\/\/www.jaime-suarez.com\/es\/news\/conductor-trasladado-en-helicoptero-tras-choque-entre-tren-brightline-y-un-carro-en-north-miami\/\" \/>\n<meta property=\"og:locale\" content=\"es_ES\" \/>\n<meta property=\"og:type\" content=\"article\" \/>\n<meta property=\"og:title\" content=\"Conductor trasladado en helic\u00f3ptero tras choque entre tren Brightline y un carro en North Miami - Jaime Suarez\" \/>\n<meta property=\"og:description\" content=\"Un hombre fue llevado de urgencia a un centro de trauma en helic\u00f3ptero el mi\u00e9rcoles despu\u00e9s de que su carro fuera golpeado por un tren Brightline en North Miami.\" \/>\n<meta property=\"og:url\" content=\"https:\/\/www.jaime-suarez.com\/es\/news\/conductor-trasladado-en-helicoptero-tras-choque-entre-tren-brightline-y-un-carro-en-north-miami\/\" \/>\n<meta property=\"og:site_name\" content=\"Jaime Suarez\" \/>\n<meta property=\"og:image\" content=\"https:\/\/www.jaime-suarez.com\/wp-content\/uploads\/2025\/12\/WhatsApp-Image-2025-11-21-at-07.16.54.jpeg\" \/>\n\t<meta property=\"og:image:width\" content=\"1100\" \/>\n\t<meta property=\"og:image:height\" content=\"692\" \/>\n\t<meta property=\"og:image:type\" content=\"image\/jpeg\" \/>\n<meta name=\"twitter:card\" content=\"summary_large_image\" \/>\n<meta name=\"twitter:label1\" content=\"Tiempo de lectura\" \/>\n\t<meta name=\"twitter:data1\" content=\"2 minutos\" \/>\n<!-- \/ Yoast SEO plugin. -->","yoast_head_json":{"title":"Conductor trasladado en helic\u00f3ptero tras choque entre tren Brightline y un carro en North Miami - Jaime Suarez","description":"Un hombre fue llevado de urgencia a un centro de trauma en helic\u00f3ptero el mi\u00e9rcoles despu\u00e9s de que su carro fuera golpeado por un tren Brightline en North Miami.","robots":{"index":"index","follow":"follow","max-snippet":"max-snippet:-1","max-image-preview":"max-image-preview:large","max-video-preview":"max-video-preview:-1"},"canonical":"https:\/\/www.jaime-suarez.com\/es\/news\/conductor-trasladado-en-helicoptero-tras-choque-entre-tren-brightline-y-un-carro-en-north-miami\/","og_locale":"es_ES","og_type":"article","og_title":"Conductor trasladado en helic\u00f3ptero tras choque entre tren Brightline y un carro en North Miami - Jaime Suarez","og_description":"Un hombre fue llevado de urgencia a un centro de trauma en helic\u00f3ptero el mi\u00e9rcoles despu\u00e9s de que su carro fuera golpeado por un tren Brightline en North Miami.","og_url":"https:\/\/www.jaime-suarez.com\/es\/news\/conductor-trasladado-en-helicoptero-tras-choque-entre-tren-brightline-y-un-carro-en-north-miami\/","og_site_name":"Jaime Suarez","og_image":[{"width":1100,"height":692,"url":"https:\/\/www.jaime-suarez.com\/wp-content\/uploads\/2025\/12\/WhatsApp-Image-2025-11-21-at-07.16.54.jpeg","type":"image\/jpeg"}],"twitter_card":"summary_large_image","twitter_misc":{"Tiempo de lectura":"2 minutos"},"schema":{"@context":"https:\/\/schema.org","@graph":[{"@type":"WebPage","@id":"https:\/\/www.jaime-suarez.com\/es\/news\/conductor-trasladado-en-helicoptero-tras-choque-entre-tren-brightline-y-un-carro-en-north-miami\/","url":"https:\/\/www.jaime-suarez.com\/es\/news\/conductor-trasladado-en-helicoptero-tras-choque-entre-tren-brightline-y-un-carro-en-north-miami\/","name":"Conductor trasladado en helic\u00f3ptero tras choque entre tren Brightline y un carro en North Miami - Jaime Suarez","isPartOf":{"@id":"https:\/\/www.jaime-suarez.com\/es\/#website"},"primaryImageOfPage":{"@id":"https:\/\/www.jaime-suarez.com\/es\/news\/conductor-trasladado-en-helicoptero-tras-choque-entre-tren-brightline-y-un-carro-en-north-miami\/#primaryimage"},"image":{"@id":"https:\/\/www.jaime-suarez.com\/es\/news\/conductor-trasladado-en-helicoptero-tras-choque-entre-tren-brightline-y-un-carro-en-north-miami\/#primaryimage"},"thumbnailUrl":"https:\/\/www.jaime-suarez.com\/wp-content\/uploads\/2025\/12\/WhatsApp-Image-2025-11-21-at-07.16.54.jpeg","datePublished":"2025-11-21T00:00:00+00:00","description":"Un hombre fue llevado de urgencia a un centro de trauma en helic\u00f3ptero el mi\u00e9rcoles despu\u00e9s de que su carro fuera golpeado por un tren Brightline en North Miami.","breadcrumb":{"@id":"https:\/\/www.jaime-suarez.com\/es\/news\/conductor-trasladado-en-helicoptero-tras-choque-entre-tren-brightline-y-un-carro-en-north-miami\/#breadcrumb"},"inLanguage":"es","potentialAction":[{"@type":"ReadAction","target":["https:\/\/www.jaime-suarez.com\/es\/news\/conductor-trasladado-en-helicoptero-tras-choque-entre-tren-brightline-y-un-carro-en-north-miami\/"]}]},{"@type":"ImageObject","inLanguage":"es","@id":"https:\/\/www.jaime-suarez.com\/es\/news\/conductor-trasladado-en-helicoptero-tras-choque-entre-tren-brightline-y-un-carro-en-north-miami\/#primaryimage","url":"https:\/\/www.jaime-suarez.com\/wp-content\/uploads\/2025\/12\/WhatsApp-Image-2025-11-21-at-07.16.54.jpeg","contentUrl":"https:\/\/www.jaime-suarez.com\/wp-content\/uploads\/2025\/12\/WhatsApp-Image-2025-11-21-at-07.16.54.jpeg","width":1100,"height":692},{"@type":"BreadcrumbList","@id":"https:\/\/www.jaime-suarez.com\/es\/news\/conductor-trasladado-en-helicoptero-tras-choque-entre-tren-brightline-y-un-carro-en-north-miami\/#breadcrumb","itemListElement":[{"@type":"ListItem","position":1,"name":"Home","item":"https:\/\/www.jaime-suarez.com\/es\/"},{"@type":"ListItem","position":2,"name":"News","item":"https:\/\/www.jaime-suarez.com\/es\/news\/"},{"@type":"ListItem","position":3,"name":"Conductor trasladado en helic\u00f3ptero tras choque entre tren Brightline y un carro en North Miami"}]},{"@type":"WebSite","@id":"https:\/\/www.jaime-suarez.com\/es\/#website","url":"https:\/\/www.jaime-suarez.com\/es\/","name":"Jaime Suarez","description":"Miami Injury Accident Attorney","publisher":{"@id":"https:\/\/www.jaime-suarez.com\/es\/#organization"},"potentialAction":[{"@type":"SearchAction","target":{"@type":"EntryPoint","urlTemplate":"https:\/\/www.jaime-suarez.com\/es\/?s={search_term_string}"},"query-input":{"@type":"PropertyValueSpecification","valueRequired":true,"valueName":"search_term_string"}}],"inLanguage":"es"},{"@type":"Organization","@id":"https:\/\/www.jaime-suarez.com\/es\/#organization","name":"Jaime Suarez","url":"https:\/\/www.jaime-suarez.com\/es\/","logo":{"@type":"ImageObject","inLanguage":"es","@id":"https:\/\/www.jaime-suarez.com\/es\/#\/schema\/logo\/image\/","url":"https:\/\/www.jaime-suarez.com\/wp-content\/uploads\/2025\/11\/jaime-suarez-logo.webp","contentUrl":"https:\/\/www.jaime-suarez.com\/wp-content\/uploads\/2025\/11\/jaime-suarez-logo.webp","width":900,"height":263,"caption":"Jaime Suarez"},"image":{"@id":"https:\/\/www.jaime-suarez.com\/es\/#\/schema\/logo\/image\/"}}]}},"_links":{"self":[{"href":"https:\/\/www.jaime-suarez.com\/es\/wp-json\/wp\/v2\/news\/29693","targetHints":{"allow":["GET"]}}],"collection":[{"href":"https:\/\/www.jaime-suarez.com\/es\/wp-json\/wp\/v2\/news"}],"about":[{"href":"https:\/\/www.jaime-suarez.com\/es\/wp-json\/wp\/v2\/types\/news"}],"author":[{"embeddable":true,"href":"https:\/\/www.jaime-suarez.com\/es\/wp-json\/wp\/v2\/users\/2"}],"replies":[{"embeddable":true,"href":"https:\/\/www.jaime-suarez.com\/es\/wp-json\/wp\/v2\/comments?post=29693"}],"version-history":[{"count":0,"href":"https:\/\/www.jaime-suarez.com\/es\/wp-json\/wp\/v2\/news\/29693\/revisions"}],"wp:featuredmedia":[{"embeddable":true,"href":"https:\/\/www.jaime-suarez.com\/es\/wp-json\/wp\/v2\/media\/28246"}],"wp:attachment":[{"href":"https:\/\/www.jaime-suarez.com\/es\/wp-json\/wp\/v2\/media?parent=29693"}],"wp:term":[{"taxonomy":"post_tag","embeddable":true,"href":"https:\/\/www.jaime-suarez.com\/es\/wp-json\/wp\/v2\/tags?post=29693"},{"taxonomy":"news-category","embeddable":true,"href":"https:\/\/www.jaime-suarez.com\/es\/wp-json\/wp\/v2\/news-category?post=29693"}],"curies":[{"name":"wp","href":"https:\/\/api.w.org\/{rel}","templated":true}]}}